{"id":68080,"date":"2020-01-18T07:00:08","date_gmt":"2020-01-18T10:00:08","guid":{"rendered":"http:\/\/portalcatolico.net\/portal\/?p=68080"},"modified":"2020-01-18T07:09:43","modified_gmt":"2020-01-18T10:09:43","slug":"participe-das-celebracoes-em-louvor-ao-sao-paulo-apostolo-em-itabuna","status":"publish","type":"post","link":"https:\/\/portalcatolico.net\/portal\/participe-das-celebracoes-em-louvor-ao-sao-paulo-apostolo-em-itabuna\/","title":{"rendered":"Participe das celebra\u00e7\u00f5es em louvor ao S\u00e3o Paulo Ap\u00f3stolo em Itabuna"},"content":{"rendered":"<div class=\"PlainText\" dir=\"auto\">O padroeiro do bairro Novo S\u00e3o Caetano em Itabuna (BA), o S\u00e3o Paulo Ap\u00f3stolo ser\u00e1&nbsp;&nbsp;homenageado com Tr\u00edduo, que tem como tema central : &#8220;Voca\u00e7\u00f5es e miss\u00e3o a exemplo de s\u00e3o Paulo Ap\u00f3stolo somos chamados a viver a voca\u00e7\u00e3o e miss\u00e3o&#8221;.&nbsp;<\/div>\n<div class=\"PlainText\" dir=\"auto\">Os preparativos para a grande festa come\u00e7am no dia 22 e v\u00e3o at\u00e9 o dia 25 de janeiro, dia dedicado ao santo.<br \/>\nA Celebra\u00e7\u00e3o Eucar\u00edstica&nbsp; acontecer\u00e1&nbsp; \u00e1s 19h, nos tr\u00eas dias.&nbsp;<\/div>\n<div class=\"PlainText\" dir=\"auto\">A Comunidade S\u00e3o Paulo Ap\u00f3stolo fica situada na Rua R, no bairro Novo S\u00e3o Caetano e pertence \u00e0 par\u00f3quia Santa Rita de C\u00e1ssia de Itabuna.<\/div>\n<div dir=\"auto\">&nbsp;<\/div>\n<div class=\"PlainText\" dir=\"auto\">\n<p><strong>Confira a programa\u00e7\u00e3o completa:<\/strong><\/p>\n<p><strong>1\u00aa Noite: Dia 22\/01(quarta-feira)&nbsp;<\/strong><br \/>\nSubtema: &#8220;Voca\u00e7\u00e3o Laical&#8221;<br \/>\nRespons\u00e1vel pela Liturgia: Comunidade Nossa Senhora de Lourdes<br \/>\nConvidados: todas as&nbsp; fam\u00edlias do bairro Novo S\u00e3o Caetano,Pastorais: Pastoral da Comunica\u00e7\u00e3o-Pascom, Batismo, D\u00edzimo, Familiar e Grupo Pe.Pio.<\/p>\n<p><strong>2\u00aa Noite: Dia 23\/01(quinta-feira)&nbsp;<\/strong><br \/>\nSubtema: &#8220;Paulo Mission\u00e1rio de Gentis&#8221;.<br \/>\nTema: &#8221; Voca\u00e7\u00e3o Sacerdotal&#8221;.<br \/>\nRespons\u00e1vel pela liturgia: Comunidade Santa Luzia<br \/>\nConvidados: Apostolado da Ora\u00e7\u00e3o, Ordem Franciscana Secular (OFS), Legi\u00e3o de Maria e Ter\u00e7o dos Homens.<\/p>\n<p><strong>3\u00aa Noite: Dia 24\/01(sexta-feira)&nbsp;<\/strong><br \/>\nSubtema: &#8220;Voca\u00e7\u00e3o religiosa&#8221;.<br \/>\nRespons\u00e1veis pela liturgia: Comunidade S\u00e3o Francisco de Assis<br \/>\nConvidados: Minist\u00e9rio de M\u00fasica, Pastoral da Catequese, Renova\u00e7\u00e3o Carism\u00e1tica Cat\u00f3lica (RCC),Pastoral dos Coroinhas, MECE, Grupo Santo Ant\u00f4nio, Encontro de Jovens com Cristo(EJC) e todos os jovens.<\/p>\n<\/div>\n<div class=\"PlainText\" dir=\"auto\"><strong>Dia festivo: 25\/01(S\u00e1bado)<\/strong><br \/>\nConvidados: Todos os grupos, pastorais, comunidades da par\u00f3quia e todo o povo de Deus<br \/>\n18h: ter\u00e7o vocacional luminoso<br \/>\n19h: missa solene<\/div>\n<div dir=\"auto\">&nbsp;<\/div>\n<div dir=\"auto\">Foto:Acervo\/Portal Cat\u00f3lico.Net<\/div>\n","protected":false},"excerpt":{"rendered":"<p>O padroeiro do bairro Novo S\u00e3o Caetano em Itabuna (BA), o S\u00e3o Paulo Ap\u00f3stolo ser\u00e1&nbsp;&nbsp;homenageado com Tr\u00edduo, que tem como tema central : &#8220;Voca\u00e7\u00f5es e miss\u00e3o a exemplo de s\u00e3o Paulo Ap\u00f3stolo somos chamados a viver a voca\u00e7\u00e3o e miss\u00e3o&#8221;.&nbsp; Os preparativos para a grande festa come\u00e7am no dia 22 e v\u00e3o at\u00e9 o dia&nbsp;<\/p>\n<p><a class=\"btn btn-style\" href=\"https:\/\/portalcatolico.net\/portal\/participe-das-celebracoes-em-louvor-ao-sao-paulo-apostolo-em-itabuna\/\">Continue Reading<\/a><\/p>\n","protected":false},"author":2,"featured_media":62971,"comment_status":"open","ping_status":"open","sticky":false,"template":"","format":"standard","meta":{"footnotes":""},"categories":[1],"tags":[],"class_list":["post-68080","post","type-post","status-publish","format-standard","has-post-thumbnail","hentry","category-agenda"],"_links":{"self":[{"href":"https:\/\/portalcatolico.net\/portal\/wp-json\/wp\/v2\/posts\/68080","targetHints":{"allow":["GET"]}}],"collection":[{"href":"https:\/\/portalcatolico.net\/portal\/wp-json\/wp\/v2\/posts"}],"about":[{"href":"https:\/\/portalcatolico.net\/portal\/wp-json\/wp\/v2\/types\/post"}],"author":[{"embeddable":true,"href":"https:\/\/portalcatolico.net\/portal\/wp-json\/wp\/v2\/users\/2"}],"replies":[{"embeddable":true,"href":"https:\/\/portalcatolico.net\/portal\/wp-json\/wp\/v2\/comments?post=68080"}],"version-history":[{"count":4,"href":"https:\/\/portalcatolico.net\/portal\/wp-json\/wp\/v2\/posts\/68080\/revisions"}],"predecessor-version":[{"id":68098,"href":"https:\/\/portalcatolico.net\/portal\/wp-json\/wp\/v2\/posts\/68080\/revisions\/68098"}],"wp:featuredmedia":[{"embeddable":true,"href":"https:\/\/portalcatolico.net\/portal\/wp-json\/wp\/v2\/media\/62971"}],"wp:attachment":[{"href":"https:\/\/portalcatolico.net\/portal\/wp-json\/wp\/v2\/media?parent=68080"}],"wp:term":[{"taxonomy":"category","embeddable":true,"href":"https:\/\/portalcatolico.net\/portal\/wp-json\/wp\/v2\/categories?post=68080"},{"taxonomy":"post_tag","embeddable":true,"href":"https:\/\/portalcatolico.net\/portal\/wp-json\/wp\/v2\/tags?post=68080"}],"curies":[{"name":"wp","href":"https:\/\/api.w.org\/{rel}","templated":true}]}}