{"id":68068,"date":"2020-01-15T12:58:24","date_gmt":"2020-01-15T15:58:24","guid":{"rendered":"http:\/\/portalcatolico.net\/portal\/?p=68068"},"modified":"2020-01-14T21:59:48","modified_gmt":"2020-01-15T00:59:48","slug":"participe-do-triduo-em-preparacao-para-a-festa-de-sao-sebastiao-em-ilheus","status":"publish","type":"post","link":"https:\/\/portalcatolico.net\/portal\/participe-do-triduo-em-preparacao-para-a-festa-de-sao-sebastiao-em-ilheus\/","title":{"rendered":"Participe do Tr\u00edduo em prepara\u00e7\u00e3o para a festa de S\u00e3o Sebasti\u00e3o em Ilh\u00e9us"},"content":{"rendered":"<div class=\"PlainText\" dir=\"auto\">O p\u00e1roco Jos\u00e9 Benedito Soares convida todas as fam\u00edlias&nbsp;&nbsp;cat\u00f3licas&nbsp; para participarem da festa do padroeiro do distrito de Mamoan, em Ilh\u00e9us (BA). O tema a&nbsp;ser refletido \u00e9: &#8220;Uma Igreja em estado de permanente&nbsp; em miss\u00e3o&#8221;.&nbsp;<\/div>\n<div class=\"PlainText\" dir=\"auto\">O Tr\u00edduo acontece&nbsp;do dia 17 a 20 de janeiro.<br \/>\nA comunidade de S\u00e3o Sebasti\u00e3o em Mamoan comp\u00f5e a Par\u00f3quia Santo Ant\u00f4nio que fica localizada no bairro Barra na cidade e diocese de Ilh\u00e9us.<br \/>\n<strong>Confira a programa\u00e7\u00e3o!<\/strong><\/div>\n<div dir=\"auto\"><img loading=\"lazy\" decoding=\"async\" class=\"alignnone wp-image-68071\" src=\"http:\/\/portalcatolico.net\/portal\/wp-content\/uploads\/2020\/01\/cdbea430-7e67-4a10-b912-2815a92397c6-300x233.jpg\" alt=\"\" width=\"743\" height=\"577\" srcset=\"https:\/\/portalcatolico.net\/portal\/wp-content\/uploads\/2020\/01\/cdbea430-7e67-4a10-b912-2815a92397c6-300x233.jpg 300w, https:\/\/portalcatolico.net\/portal\/wp-content\/uploads\/2020\/01\/cdbea430-7e67-4a10-b912-2815a92397c6-768x596.jpg 768w, https:\/\/portalcatolico.net\/portal\/wp-content\/uploads\/2020\/01\/cdbea430-7e67-4a10-b912-2815a92397c6-1024x795.jpg 1024w, https:\/\/portalcatolico.net\/portal\/wp-content\/uploads\/2020\/01\/cdbea430-7e67-4a10-b912-2815a92397c6.jpg 1201w\" sizes=\"auto, (max-width: 743px) 100vw, 743px\" \/><\/div>\n<div dir=\"auto\">&nbsp;<\/div>\n","protected":false},"excerpt":{"rendered":"<p>O p\u00e1roco Jos\u00e9 Benedito Soares convida todas as fam\u00edlias&nbsp;&nbsp;cat\u00f3licas&nbsp; para participarem da festa do padroeiro do distrito de Mamoan, em Ilh\u00e9us (BA). O tema a&nbsp;ser refletido \u00e9: &#8220;Uma Igreja em estado de permanente&nbsp; em miss\u00e3o&#8221;.&nbsp; O Tr\u00edduo acontece&nbsp;do dia 17 a 20 de janeiro. A comunidade de S\u00e3o Sebasti\u00e3o em Mamoan comp\u00f5e a Par\u00f3quia Santo&nbsp;<\/p>\n<p><a class=\"btn btn-style\" href=\"https:\/\/portalcatolico.net\/portal\/participe-do-triduo-em-preparacao-para-a-festa-de-sao-sebastiao-em-ilheus\/\">Continue Reading<\/a><\/p>\n","protected":false},"author":2,"featured_media":68069,"comment_status":"open","ping_status":"open","sticky":false,"template":"","format":"standard","meta":{"footnotes":""},"categories":[1],"tags":[],"class_list":["post-68068","post","type-post","status-publish","format-standard","has-post-thumbnail","hentry","category-agenda"],"_links":{"self":[{"href":"https:\/\/portalcatolico.net\/portal\/wp-json\/wp\/v2\/posts\/68068","targetHints":{"allow":["GET"]}}],"collection":[{"href":"https:\/\/portalcatolico.net\/portal\/wp-json\/wp\/v2\/posts"}],"about":[{"href":"https:\/\/portalcatolico.net\/portal\/wp-json\/wp\/v2\/types\/post"}],"author":[{"embeddable":true,"href":"https:\/\/portalcatolico.net\/portal\/wp-json\/wp\/v2\/users\/2"}],"replies":[{"embeddable":true,"href":"https:\/\/portalcatolico.net\/portal\/wp-json\/wp\/v2\/comments?post=68068"}],"version-history":[{"count":2,"href":"https:\/\/portalcatolico.net\/portal\/wp-json\/wp\/v2\/posts\/68068\/revisions"}],"predecessor-version":[{"id":68072,"href":"https:\/\/portalcatolico.net\/portal\/wp-json\/wp\/v2\/posts\/68068\/revisions\/68072"}],"wp:featuredmedia":[{"embeddable":true,"href":"https:\/\/portalcatolico.net\/portal\/wp-json\/wp\/v2\/media\/68069"}],"wp:attachment":[{"href":"https:\/\/portalcatolico.net\/portal\/wp-json\/wp\/v2\/media?parent=68068"}],"wp:term":[{"taxonomy":"category","embeddable":true,"href":"https:\/\/portalcatolico.net\/portal\/wp-json\/wp\/v2\/categories?post=68068"},{"taxonomy":"post_tag","embeddable":true,"href":"https:\/\/portalcatolico.net\/portal\/wp-json\/wp\/v2\/tags?post=68068"}],"curies":[{"name":"wp","href":"https:\/\/api.w.org\/{rel}","templated":true}]}}