{"id":68064,"date":"2020-01-14T21:51:51","date_gmt":"2020-01-15T00:51:51","guid":{"rendered":"http:\/\/portalcatolico.net\/portal\/?p=68064"},"modified":"2020-01-14T22:06:05","modified_gmt":"2020-01-15T01:06:05","slug":"triduo-marca-celebracao-em-honra-ao-padroeiro-do-bairro-vila-zara-em-itabuna","status":"publish","type":"post","link":"https:\/\/portalcatolico.net\/portal\/triduo-marca-celebracao-em-honra-ao-padroeiro-do-bairro-vila-zara-em-itabuna\/","title":{"rendered":"Tr\u00edduo marca celebra\u00e7\u00e3o em honra ao padroeiro do bairro Vila Zara, em Itabuna"},"content":{"rendered":"<div class=\"PlainText\" dir=\"auto\">Senhor do Bonfim \u00e9 padroeiro do bairro Vila Zara em Itabuna (BA). Os preparativos para a grande festa em homenagem ao santo, ter\u00e3o inicio na quinta-feira,16, e a programa\u00e7\u00e3o segue at\u00e9 o&nbsp;dia 19 de janeiro, com o tema: &#8220;Senhor, que queres de mim?&#8221; e com o lema:&#8221; Vem e segue-me&#8221; (MT 19,21).<\/div>\n<div class=\"PlainText\" dir=\"auto\">As celebra\u00e7\u00f5es acontecem todos os dias \u00e0s 19h.&nbsp; Ap\u00f3s a santa&nbsp;missa, acontece a&nbsp; quermesse.<\/div>\n<div class=\"PlainText\" dir=\"auto\">A comunidade Senhor do Bonfim comp\u00f5e a par\u00f3quia Nossa Senhora da Concei\u00e7\u00e3o do bairro Concei\u00e7\u00e3o e tem como padre respons\u00e1vel, Adriano Fernandes.<br \/>\n<strong>Confira a programa\u00e7\u00e3o em anexo.<\/strong><\/div>\n<div dir=\"auto\"><img loading=\"lazy\" decoding=\"async\" class=\"alignnone wp-image-68065\" src=\"http:\/\/portalcatolico.net\/portal\/wp-content\/uploads\/2020\/01\/e0c133b3-8903-4dd5-b9c9-7ba54de89746-300x213.jpg\" alt=\"\" width=\"748\" height=\"531\" srcset=\"https:\/\/portalcatolico.net\/portal\/wp-content\/uploads\/2020\/01\/e0c133b3-8903-4dd5-b9c9-7ba54de89746-300x213.jpg 300w, https:\/\/portalcatolico.net\/portal\/wp-content\/uploads\/2020\/01\/e0c133b3-8903-4dd5-b9c9-7ba54de89746-768x544.jpg 768w, https:\/\/portalcatolico.net\/portal\/wp-content\/uploads\/2020\/01\/e0c133b3-8903-4dd5-b9c9-7ba54de89746-1024x726.jpg 1024w, https:\/\/portalcatolico.net\/portal\/wp-content\/uploads\/2020\/01\/e0c133b3-8903-4dd5-b9c9-7ba54de89746.jpg 1280w\" sizes=\"auto, (max-width: 748px) 100vw, 748px\" \/><\/div>\n","protected":false},"excerpt":{"rendered":"<p>Senhor do Bonfim \u00e9 padroeiro do bairro Vila Zara em Itabuna (BA). Os preparativos para a grande festa em homenagem ao santo, ter\u00e3o inicio na quinta-feira,16, e a programa\u00e7\u00e3o segue at\u00e9 o&nbsp;dia 19 de janeiro, com o tema: &#8220;Senhor, que queres de mim?&#8221; e com o lema:&#8221; Vem e segue-me&#8221; (MT 19,21). As celebra\u00e7\u00f5es acontecem&nbsp;<\/p>\n<p><a class=\"btn btn-style\" href=\"https:\/\/portalcatolico.net\/portal\/triduo-marca-celebracao-em-honra-ao-padroeiro-do-bairro-vila-zara-em-itabuna\/\">Continue Reading<\/a><\/p>\n","protected":false},"author":2,"featured_media":68067,"comment_status":"open","ping_status":"open","sticky":false,"template":"","format":"standard","meta":{"footnotes":""},"categories":[1],"tags":[],"class_list":["post-68064","post","type-post","status-publish","format-standard","has-post-thumbnail","hentry","category-agenda"],"_links":{"self":[{"href":"https:\/\/portalcatolico.net\/portal\/wp-json\/wp\/v2\/posts\/68064","targetHints":{"allow":["GET"]}}],"collection":[{"href":"https:\/\/portalcatolico.net\/portal\/wp-json\/wp\/v2\/posts"}],"about":[{"href":"https:\/\/portalcatolico.net\/portal\/wp-json\/wp\/v2\/types\/post"}],"author":[{"embeddable":true,"href":"https:\/\/portalcatolico.net\/portal\/wp-json\/wp\/v2\/users\/2"}],"replies":[{"embeddable":true,"href":"https:\/\/portalcatolico.net\/portal\/wp-json\/wp\/v2\/comments?post=68064"}],"version-history":[{"count":2,"href":"https:\/\/portalcatolico.net\/portal\/wp-json\/wp\/v2\/posts\/68064\/revisions"}],"predecessor-version":[{"id":68074,"href":"https:\/\/portalcatolico.net\/portal\/wp-json\/wp\/v2\/posts\/68064\/revisions\/68074"}],"wp:featuredmedia":[{"embeddable":true,"href":"https:\/\/portalcatolico.net\/portal\/wp-json\/wp\/v2\/media\/68067"}],"wp:attachment":[{"href":"https:\/\/portalcatolico.net\/portal\/wp-json\/wp\/v2\/media?parent=68064"}],"wp:term":[{"taxonomy":"category","embeddable":true,"href":"https:\/\/portalcatolico.net\/portal\/wp-json\/wp\/v2\/categories?post=68064"},{"taxonomy":"post_tag","embeddable":true,"href":"https:\/\/portalcatolico.net\/portal\/wp-json\/wp\/v2\/tags?post=68064"}],"curies":[{"name":"wp","href":"https:\/\/api.w.org\/{rel}","templated":true}]}}