{"id":68053,"date":"2020-01-14T13:40:49","date_gmt":"2020-01-14T16:40:49","guid":{"rendered":"http:\/\/portalcatolico.net\/portal\/?p=68053"},"modified":"2020-01-14T13:44:56","modified_gmt":"2020-01-14T16:44:56","slug":"acompanhe-como-esta-sendo-o-novenario-em-honra-ao-senhor-do-bonfim-em-itabuna","status":"publish","type":"post","link":"https:\/\/portalcatolico.net\/portal\/acompanhe-como-esta-sendo-o-novenario-em-honra-ao-senhor-do-bonfim-em-itabuna\/","title":{"rendered":"Acompanhe como est\u00e1 sendo o Noven\u00e1rio em honra ao Senhor do Bonfim em Itabuna"},"content":{"rendered":"<p>Os&nbsp; preparativos para a Festa do Senhor do Bonfim, padroeiro do bairro Jardim Primavera em Itabuna (BA), &nbsp;tiveram&nbsp;in\u00edcio no dia 10 deste m\u00eas. A programa\u00e7\u00e3o continua at\u00e9 domingo, dia 19. Este ano, o tem central que est\u00e1 sendo refletido \u00e9: &nbsp;&#8220;Senhor que queres&nbsp;de mim&#8221;? e o lema: &#8220;Vem e segue-me&#8221;. (MT 19,21).<\/p>\n<p>A Celebra\u00e7\u00e3o Eucar\u00edstica&nbsp;acontece todas as noites, de segunda a sexta, \u00e0s 19h30, na igreja matriz. E aos&nbsp;s\u00e1bados e domingos, a santa missa acontece \u00e0s 18h.<br \/>\nNesta segunda-feira (13), foi realizada a 4\u00aa noite do Noven\u00e1rio, com o subtema &#8220;Honrar&nbsp;Pai e M\u00e3e&#8221; e o convidado especial para refletir o tema da noite e&nbsp;presidir a celebra\u00e7\u00e3o da santa missa, foi o p\u00e1roco da par\u00f3quia Santa&nbsp;Maria Madalena do bairro Nova Itabuna, o Pe. Tony Val\u00e9rio Rodrigues. Na homilia, ele destacou o tema e o lema da Festa, e disse: &#8220;Voc\u00ea precisa todos os dias perguntar: &#8216;Senhor, o que queres de mim? O que queres de mim como pai, como m\u00e3e, como filho, como crist\u00e3o, como ser humano, como gente?&#8217; Voc\u00ea precisa fazer sempre essa pergunta a voc\u00ea mesmo. Com este lema a ser refletido, Jesus quer dizer: &#8216;Imita os meus passos. Olha as minhas a\u00e7\u00f5es&#8217;. Ser\u00e1 que n\u00f3s, como crist\u00e3os cat\u00f3licos, ser\u00e1 que voc\u00ea como pai, voc\u00ea como m\u00e3e, voc\u00ea como filho, voc\u00ea como crist\u00e3o, est\u00e1 servindo os passos de Jesus? Isso \u00e9 uma reflex\u00e3o que voc\u00ea precisa fazer!&#8221;<\/p>\n<p style=\"text-align: left;\">A&nbsp;concelebra\u00e7\u00e3o foi feita pelo di\u00e1cono permanente da diocese de&nbsp;Itabuna, Othon Dantas e pelo p\u00e1roco da Igreja matriz do Senhor do Bonfim, o&nbsp;Pe. Manoel Carlos.<br \/>\nOs convidados da noite foram as Par\u00f3quias Santo Ant\u00f4nio e Nossa Senhora das&nbsp;Vit\u00f3ria, al\u00e9m dos jovens do&nbsp; Encontro de Jovem com Cristo&nbsp;(EJC-Diocesano), Jovem Adolescente com Cristo (JAC), a Comunidade Santo&nbsp;Agostinho, o Grupo Nossa Senhora das Gra\u00e7as, o Ter\u00e7o dos Homens&nbsp;da Par\u00f3quia&nbsp;Santa Rita de C\u00e1ssia de Itabuna, e paroquianos de v\u00e1rias par\u00f3quias&nbsp;da cidade.<br \/>\nAp\u00f3s a santa missa, aconteceu a festa de largo com v\u00e1rios tipos de&nbsp;alimentos.<\/p>\n<p>Confira em nossa p\u00e1gina oficial no Facebook, o \u00e1lbum de fotos:<br \/>\n<a href=\"http:\/\/www.facebook.com\/portalcatolicooficial\">www.facebook.com\/portalcatolicooficial<\/a><\/p>\n<p style=\"text-align: left;\"><strong>Confira a programa\u00e7\u00e3o completa no cartaz abaixo.<\/strong><\/p>\n<p><img loading=\"lazy\" decoding=\"async\" class=\"alignnone wp-image-68054\" src=\"http:\/\/portalcatolico.net\/portal\/wp-content\/uploads\/2020\/01\/1c33feea-764f-48c7-a23e-657ce8f1383b-1-300x212.jpg\" alt=\"\" width=\"749\" height=\"529\" srcset=\"https:\/\/portalcatolico.net\/portal\/wp-content\/uploads\/2020\/01\/1c33feea-764f-48c7-a23e-657ce8f1383b-1-300x212.jpg 300w, https:\/\/portalcatolico.net\/portal\/wp-content\/uploads\/2020\/01\/1c33feea-764f-48c7-a23e-657ce8f1383b-1-768x543.jpg 768w, https:\/\/portalcatolico.net\/portal\/wp-content\/uploads\/2020\/01\/1c33feea-764f-48c7-a23e-657ce8f1383b-1-1024x724.jpg 1024w, https:\/\/portalcatolico.net\/portal\/wp-content\/uploads\/2020\/01\/1c33feea-764f-48c7-a23e-657ce8f1383b-1.jpg 1280w\" sizes=\"auto, (max-width: 749px) 100vw, 749px\" \/><\/p>\n","protected":false},"excerpt":{"rendered":"<p>Os&nbsp; preparativos para a Festa do Senhor do Bonfim, padroeiro do bairro Jardim Primavera em Itabuna (BA), &nbsp;tiveram&nbsp;in\u00edcio no dia 10 deste m\u00eas. A programa\u00e7\u00e3o continua at\u00e9 domingo, dia 19. Este ano, o tem central que est\u00e1 sendo refletido \u00e9: &nbsp;&#8220;Senhor que queres&nbsp;de mim&#8221;? e o lema: &#8220;Vem e segue-me&#8221;. (MT 19,21). A Celebra\u00e7\u00e3o Eucar\u00edstica&nbsp;acontece&nbsp;<\/p>\n<p><a class=\"btn btn-style\" href=\"https:\/\/portalcatolico.net\/portal\/acompanhe-como-esta-sendo-o-novenario-em-honra-ao-senhor-do-bonfim-em-itabuna\/\">Continue Reading<\/a><\/p>\n","protected":false},"author":2,"featured_media":68055,"comment_status":"open","ping_status":"open","sticky":false,"template":"","format":"standard","meta":{"footnotes":""},"categories":[68],"tags":[],"class_list":["post-68053","post","type-post","status-publish","format-standard","has-post-thumbnail","hentry","category-homilias"],"_links":{"self":[{"href":"https:\/\/portalcatolico.net\/portal\/wp-json\/wp\/v2\/posts\/68053","targetHints":{"allow":["GET"]}}],"collection":[{"href":"https:\/\/portalcatolico.net\/portal\/wp-json\/wp\/v2\/posts"}],"about":[{"href":"https:\/\/portalcatolico.net\/portal\/wp-json\/wp\/v2\/types\/post"}],"author":[{"embeddable":true,"href":"https:\/\/portalcatolico.net\/portal\/wp-json\/wp\/v2\/users\/2"}],"replies":[{"embeddable":true,"href":"https:\/\/portalcatolico.net\/portal\/wp-json\/wp\/v2\/comments?post=68053"}],"version-history":[{"count":2,"href":"https:\/\/portalcatolico.net\/portal\/wp-json\/wp\/v2\/posts\/68053\/revisions"}],"predecessor-version":[{"id":68057,"href":"https:\/\/portalcatolico.net\/portal\/wp-json\/wp\/v2\/posts\/68053\/revisions\/68057"}],"wp:featuredmedia":[{"embeddable":true,"href":"https:\/\/portalcatolico.net\/portal\/wp-json\/wp\/v2\/media\/68055"}],"wp:attachment":[{"href":"https:\/\/portalcatolico.net\/portal\/wp-json\/wp\/v2\/media?parent=68053"}],"wp:term":[{"taxonomy":"category","embeddable":true,"href":"https:\/\/portalcatolico.net\/portal\/wp-json\/wp\/v2\/categories?post=68053"},{"taxonomy":"post_tag","embeddable":true,"href":"https:\/\/portalcatolico.net\/portal\/wp-json\/wp\/v2\/tags?post=68053"}],"curies":[{"name":"wp","href":"https:\/\/api.w.org\/{rel}","templated":true}]}}