{"id":68050,"date":"2020-01-14T06:16:14","date_gmt":"2020-01-14T09:16:14","guid":{"rendered":"http:\/\/portalcatolico.net\/portal\/?p=68050"},"modified":"2020-01-14T06:16:14","modified_gmt":"2020-01-14T09:16:14","slug":"convite-missa-celebra-conclusao-da-restauracao-da-igreja-de-sao-miguel-arcanjo","status":"publish","type":"post","link":"https:\/\/portalcatolico.net\/portal\/convite-missa-celebra-conclusao-da-restauracao-da-igreja-de-sao-miguel-arcanjo\/","title":{"rendered":"Convite: missa celebra conclus\u00e3o da restaura\u00e7\u00e3o da Igreja de S\u00e3o Miguel Arcanjo"},"content":{"rendered":"<div>Os fieis de Itacar\u00e9 (BA) &nbsp;j\u00e1 podem ficar felizes! Uma missa solene no dia 30\/01, vai celebrar a conclus\u00e3o da restaura\u00e7\u00e3o da Igreja Matriz de S\u00e3o Miguel Arcanjo. A missa vai acontecer \u00e0s 18h30. A par\u00f3quia comp\u00f5e a diocese de ilh\u00e9us.<\/div>\n<p>Participe!<\/p>\n","protected":false},"excerpt":{"rendered":"<p>Os fieis de Itacar\u00e9 (BA) &nbsp;j\u00e1 podem ficar felizes! Uma missa solene no dia 30\/01, vai celebrar a conclus\u00e3o da restaura\u00e7\u00e3o da Igreja Matriz de S\u00e3o Miguel Arcanjo. A missa vai acontecer \u00e0s 18h30. A par\u00f3quia comp\u00f5e a diocese de ilh\u00e9us. Participe!<\/p>\n","protected":false},"author":2,"featured_media":68051,"comment_status":"open","ping_status":"open","sticky":false,"template":"","format":"standard","meta":{"footnotes":""},"categories":[4],"tags":[],"class_list":["post-68050","post","type-post","status-publish","format-standard","has-post-thumbnail","hentry","category-destaques"],"_links":{"self":[{"href":"https:\/\/portalcatolico.net\/portal\/wp-json\/wp\/v2\/posts\/68050","targetHints":{"allow":["GET"]}}],"collection":[{"href":"https:\/\/portalcatolico.net\/portal\/wp-json\/wp\/v2\/posts"}],"about":[{"href":"https:\/\/portalcatolico.net\/portal\/wp-json\/wp\/v2\/types\/post"}],"author":[{"embeddable":true,"href":"https:\/\/portalcatolico.net\/portal\/wp-json\/wp\/v2\/users\/2"}],"replies":[{"embeddable":true,"href":"https:\/\/portalcatolico.net\/portal\/wp-json\/wp\/v2\/comments?post=68050"}],"version-history":[{"count":1,"href":"https:\/\/portalcatolico.net\/portal\/wp-json\/wp\/v2\/posts\/68050\/revisions"}],"predecessor-version":[{"id":68052,"href":"https:\/\/portalcatolico.net\/portal\/wp-json\/wp\/v2\/posts\/68050\/revisions\/68052"}],"wp:featuredmedia":[{"embeddable":true,"href":"https:\/\/portalcatolico.net\/portal\/wp-json\/wp\/v2\/media\/68051"}],"wp:attachment":[{"href":"https:\/\/portalcatolico.net\/portal\/wp-json\/wp\/v2\/media?parent=68050"}],"wp:term":[{"taxonomy":"category","embeddable":true,"href":"https:\/\/portalcatolico.net\/portal\/wp-json\/wp\/v2\/categories?post=68050"},{"taxonomy":"post_tag","embeddable":true,"href":"https:\/\/portalcatolico.net\/portal\/wp-json\/wp\/v2\/tags?post=68050"}],"curies":[{"name":"wp","href":"https:\/\/api.w.org\/{rel}","templated":true}]}}