{"id":68048,"date":"2020-01-15T00:01:18","date_gmt":"2020-01-15T03:01:18","guid":{"rendered":"http:\/\/portalcatolico.net\/portal\/?p=68048"},"modified":"2020-01-14T21:48:12","modified_gmt":"2020-01-15T00:48:12","slug":"convite-posse-e-acolhida-do-novo-paroco-na-paroquia-santa-maria-goretti-em-itabuna","status":"publish","type":"post","link":"https:\/\/portalcatolico.net\/portal\/convite-posse-e-acolhida-do-novo-paroco-na-paroquia-santa-maria-goretti-em-itabuna\/","title":{"rendered":"Convite:Posse e acolhida do novo p\u00e1roco na par\u00f3quia Santa Maria Goretti em Itabuna"},"content":{"rendered":"<div class=\"PlainText\" dir=\"auto\">A Par\u00f3quia Santa Maria Goretti, na cidade e diocese de Itabuna, no sul da Bahia, tem a honra de convidar todas as fam\u00edlias cat\u00f3licas para participarem da Celebra\u00e7\u00e3o Eucar\u00edstica na qual se dar\u00e1 a cerim\u00f4nia de posse can\u00f4nica e acolhida de seu novo p\u00e1roco, o padre Vanildo de Jesus, CP,<br \/>\n(Congrega\u00e7\u00e3o dos padres Passionistas), no dia 18 de janeiro de 2020, \u00e0s 19h, na Igreja&nbsp; Matriz, localizado no bairro Mangabinha em Itabuna.&nbsp;<\/div>\n<div class=\"PlainText\" dir=\"auto\">A Celebra\u00e7\u00e3o Eucar\u00edstica e o Rito de posse, ser\u00e3o presididos pelo Excm\u00ba e Revm\u00ba Sr. Bispo diocesano, Dom Carlos Alberto dos Santos.<\/div>\n<div dir=\"auto\">&nbsp;<\/div>\n<div dir=\"auto\">Foto:Acervo\/Portal Cat\u00f3lico.Net<\/div>\n","protected":false},"excerpt":{"rendered":"<p>A Par\u00f3quia Santa Maria Goretti, na cidade e diocese de Itabuna, no sul da Bahia, tem a honra de convidar todas as fam\u00edlias cat\u00f3licas para participarem da Celebra\u00e7\u00e3o Eucar\u00edstica na qual se dar\u00e1 a cerim\u00f4nia de posse can\u00f4nica e acolhida de seu novo p\u00e1roco, o padre Vanildo de Jesus, CP, (Congrega\u00e7\u00e3o dos padres Passionistas), no&nbsp;<\/p>\n<p><a class=\"btn btn-style\" href=\"https:\/\/portalcatolico.net\/portal\/convite-posse-e-acolhida-do-novo-paroco-na-paroquia-santa-maria-goretti-em-itabuna\/\">Continue Reading<\/a><\/p>\n","protected":false},"author":2,"featured_media":68060,"comment_status":"open","ping_status":"open","sticky":false,"template":"","format":"standard","meta":{"footnotes":""},"categories":[1],"tags":[],"class_list":["post-68048","post","type-post","status-publish","format-standard","has-post-thumbnail","hentry","category-agenda"],"_links":{"self":[{"href":"https:\/\/portalcatolico.net\/portal\/wp-json\/wp\/v2\/posts\/68048","targetHints":{"allow":["GET"]}}],"collection":[{"href":"https:\/\/portalcatolico.net\/portal\/wp-json\/wp\/v2\/posts"}],"about":[{"href":"https:\/\/portalcatolico.net\/portal\/wp-json\/wp\/v2\/types\/post"}],"author":[{"embeddable":true,"href":"https:\/\/portalcatolico.net\/portal\/wp-json\/wp\/v2\/users\/2"}],"replies":[{"embeddable":true,"href":"https:\/\/portalcatolico.net\/portal\/wp-json\/wp\/v2\/comments?post=68048"}],"version-history":[{"count":4,"href":"https:\/\/portalcatolico.net\/portal\/wp-json\/wp\/v2\/posts\/68048\/revisions"}],"predecessor-version":[{"id":68063,"href":"https:\/\/portalcatolico.net\/portal\/wp-json\/wp\/v2\/posts\/68048\/revisions\/68063"}],"wp:featuredmedia":[{"embeddable":true,"href":"https:\/\/portalcatolico.net\/portal\/wp-json\/wp\/v2\/media\/68060"}],"wp:attachment":[{"href":"https:\/\/portalcatolico.net\/portal\/wp-json\/wp\/v2\/media?parent=68048"}],"wp:term":[{"taxonomy":"category","embeddable":true,"href":"https:\/\/portalcatolico.net\/portal\/wp-json\/wp\/v2\/categories?post=68048"},{"taxonomy":"post_tag","embeddable":true,"href":"https:\/\/portalcatolico.net\/portal\/wp-json\/wp\/v2\/tags?post=68048"}],"curies":[{"name":"wp","href":"https:\/\/api.w.org\/{rel}","templated":true}]}}