{"id":68041,"date":"2020-01-13T12:52:02","date_gmt":"2020-01-13T15:52:02","guid":{"rendered":"http:\/\/portalcatolico.net\/portal\/?p=68041"},"modified":"2020-01-13T12:54:08","modified_gmt":"2020-01-13T15:54:08","slug":"santa-ines-e-batismo-de-jesus-sao-celebrados-em-itabuna","status":"publish","type":"post","link":"https:\/\/portalcatolico.net\/portal\/santa-ines-e-batismo-de-jesus-sao-celebrados-em-itabuna\/","title":{"rendered":"Santa In\u00eas e batismo de Jesus s\u00e3o celebrados em Itabuna"},"content":{"rendered":"<p>Continua em Itabuna, no sul da Bahia, o noven\u00e1rio e festa em louvor \u00e0 padroeira do bairro Santa In\u00eas. O noven\u00e1rio segue at\u00e9 domingo dia 19, dia dedicado \u00e0&nbsp;santa. Este ano, a festa est\u00e1 com o tema central: &#8220;Senhor, que queres que eu fa\u00e7a?&#8221;.&nbsp;<\/p>\n<p>Neste domingo (12), aconteceu a 3\u00aa noite, com o subtema da noite: &#8220;Voca\u00e7\u00e3o a santidade&#8221;. \u00c1s 18h40, a juventude e os demais fieis rezaram&nbsp;o ter\u00e7o vocacional.&nbsp;<\/p>\n<p>O convidado especial que refletiu e presidiu a celebra\u00e7\u00e3o eucar\u00edstica foi o bispo da diocese de Itabuna, dom Carlos Alberto dos Santos. A santa missa iniciou \u00e0s 19h. A homilia teve duas partes: a solenidade do batismo do Senhor e a reflex\u00e3o do&nbsp;tema da noite citado acima.<\/p>\n<p>Na homilia, dom Carlos disse: &#8220;Hoje n\u00f3s estamos celebrando tamb\u00e9m, a festa do batismo de Jesus! E precisamos fazer uma reflex\u00e3o. Jesus foi fiel? Foi! E n\u00f3s? Estamos sendo fieis? Jesus foi batizado para nos mostrar esta intimidade com toda a humanidade, que quer salvar a todos, que quer que a mensagem do Pai chegue a todas as pessoas&#8221;.<br \/>\nA concelebra\u00e7\u00e3o ficou por conta do p\u00e1roco, o Pe. Junior; do di\u00e1cono transit\u00f3rio Ubiratan Tib\u00farcio, al\u00e9m dos seminaristas.<\/p>\n<p>Confira&nbsp;<a href=\"https:\/\/www.facebook.com\/portalcatolicooficial\"><strong>aqui<\/strong><\/a>&nbsp;as fotos da celebra\u00e7\u00e3o.<\/p>\n<p><strong>Confira a programa\u00e7\u00e3o&nbsp;<\/strong><\/p>\n<p><img loading=\"lazy\" decoding=\"async\" class=\"alignnone wp-image-68043\" src=\"http:\/\/portalcatolico.net\/portal\/wp-content\/uploads\/2020\/01\/81870340_1247410702120051_3224442123331829760_n-300x210.jpg\" alt=\"\" width=\"744\" height=\"521\" srcset=\"https:\/\/portalcatolico.net\/portal\/wp-content\/uploads\/2020\/01\/81870340_1247410702120051_3224442123331829760_n-300x210.jpg 300w, https:\/\/portalcatolico.net\/portal\/wp-content\/uploads\/2020\/01\/81870340_1247410702120051_3224442123331829760_n.jpg 720w\" sizes=\"auto, (max-width: 744px) 100vw, 744px\" \/><\/p>\n","protected":false},"excerpt":{"rendered":"<p>Continua em Itabuna, no sul da Bahia, o noven\u00e1rio e festa em louvor \u00e0 padroeira do bairro Santa In\u00eas. O noven\u00e1rio segue at\u00e9 domingo dia 19, dia dedicado \u00e0&nbsp;santa. Este ano, a festa est\u00e1 com o tema central: &#8220;Senhor, que queres que eu fa\u00e7a?&#8221;.&nbsp; Neste domingo (12), aconteceu a 3\u00aa noite, com o subtema da&nbsp;<\/p>\n<p><a class=\"btn btn-style\" href=\"https:\/\/portalcatolico.net\/portal\/santa-ines-e-batismo-de-jesus-sao-celebrados-em-itabuna\/\">Continue Reading<\/a><\/p>\n","protected":false},"author":2,"featured_media":68042,"comment_status":"open","ping_status":"open","sticky":false,"template":"","format":"standard","meta":{"footnotes":""},"categories":[68],"tags":[],"class_list":["post-68041","post","type-post","status-publish","format-standard","has-post-thumbnail","hentry","category-homilias"],"_links":{"self":[{"href":"https:\/\/portalcatolico.net\/portal\/wp-json\/wp\/v2\/posts\/68041","targetHints":{"allow":["GET"]}}],"collection":[{"href":"https:\/\/portalcatolico.net\/portal\/wp-json\/wp\/v2\/posts"}],"about":[{"href":"https:\/\/portalcatolico.net\/portal\/wp-json\/wp\/v2\/types\/post"}],"author":[{"embeddable":true,"href":"https:\/\/portalcatolico.net\/portal\/wp-json\/wp\/v2\/users\/2"}],"replies":[{"embeddable":true,"href":"https:\/\/portalcatolico.net\/portal\/wp-json\/wp\/v2\/comments?post=68041"}],"version-history":[{"count":4,"href":"https:\/\/portalcatolico.net\/portal\/wp-json\/wp\/v2\/posts\/68041\/revisions"}],"predecessor-version":[{"id":68047,"href":"https:\/\/portalcatolico.net\/portal\/wp-json\/wp\/v2\/posts\/68041\/revisions\/68047"}],"wp:featuredmedia":[{"embeddable":true,"href":"https:\/\/portalcatolico.net\/portal\/wp-json\/wp\/v2\/media\/68042"}],"wp:attachment":[{"href":"https:\/\/portalcatolico.net\/portal\/wp-json\/wp\/v2\/media?parent=68041"}],"wp:term":[{"taxonomy":"category","embeddable":true,"href":"https:\/\/portalcatolico.net\/portal\/wp-json\/wp\/v2\/categories?post=68041"},{"taxonomy":"post_tag","embeddable":true,"href":"https:\/\/portalcatolico.net\/portal\/wp-json\/wp\/v2\/tags?post=68041"}],"curies":[{"name":"wp","href":"https:\/\/api.w.org\/{rel}","templated":true}]}}