{"id":68032,"date":"2020-01-12T22:34:46","date_gmt":"2020-01-13T01:34:46","guid":{"rendered":"http:\/\/portalcatolico.net\/portal\/?p=68032"},"modified":"2020-01-12T22:35:34","modified_gmt":"2020-01-13T01:35:34","slug":"diocese-de-ilheus-celebra-instalacao-de-paroquia-e-empossa-paroco","status":"publish","type":"post","link":"https:\/\/portalcatolico.net\/portal\/diocese-de-ilheus-celebra-instalacao-de-paroquia-e-empossa-paroco\/","title":{"rendered":"Diocese de Ilh\u00e9us celebra instala\u00e7\u00e3o de par\u00f3quia e empossa p\u00e1roco"},"content":{"rendered":"<p><img loading=\"lazy\" decoding=\"async\" class=\"alignnone  wp-image-68035\" src=\"http:\/\/portalcatolico.net\/portal\/wp-content\/uploads\/2020\/01\/IMG_3254-300x200.jpg\" alt=\"\" width=\"737\" height=\"491\" srcset=\"https:\/\/portalcatolico.net\/portal\/wp-content\/uploads\/2020\/01\/IMG_3254-300x200.jpg 300w, https:\/\/portalcatolico.net\/portal\/wp-content\/uploads\/2020\/01\/IMG_3254-768x512.jpg 768w, https:\/\/portalcatolico.net\/portal\/wp-content\/uploads\/2020\/01\/IMG_3254-1024x683.jpg 1024w, https:\/\/portalcatolico.net\/portal\/wp-content\/uploads\/2020\/01\/IMG_3254.jpg 1500w\" sizes=\"auto, (max-width: 737px) 100vw, 737px\" \/><\/p>\n<p>Neste domingo, 12 de janeiro, \u00e0s 10h, centenas de fieis se reuniram para&nbsp;participar da celebra\u00e7\u00e3o eucar\u00edstica da Solenidade do Batismo do Senhor&nbsp;e da Instala\u00e7\u00e3o Can\u00f4nica da Par\u00f3quia S\u00e3o Paulo Ap\u00f3stolo, uma nova&nbsp;par\u00f3quia da Diocese de Ilh\u00e9us, no litoral sul da Bahia.&nbsp;Foi um momento de muita import\u00e2ncia e significados relevantes para o processo&nbsp;de evangeliza\u00e7\u00e3o e difus\u00e3o do evangelho.<\/p>\n<p>Na prociss\u00e3o de entrada, houve a&nbsp;participa\u00e7\u00e3o das comunidades Frei Galv\u00e3o e S\u00e3o Lucas que integram a&nbsp;nova Par\u00f3quia, pastorais e movimentos. Na oportunidade, o Bispo Diocesano, Dom Mauro Montagnoli, aben\u00e7oou a&nbsp;\u00e1gua e aspergiu as paredes da Igreja e os fieis com \u00e1gua benta. Em seguida, foi lido o decreto de cria\u00e7\u00e3o da&nbsp;Par\u00f3quia e&nbsp;&nbsp;o Padre&nbsp;Jos\u00e9 Alvino Cristo, o novo P\u00e1roco fez a&nbsp;renova\u00e7\u00e3o das promessas sacerdotais perante o bispo, a Profiss\u00e3o de F\u00e9 e&nbsp;o Juramento de Fidelidade. O sacerdote recebeu o Evangelho de Cristo, do&nbsp;qual foste constitu\u00eddo mensageiro.&nbsp;&nbsp;Em seguida, seguiu o rito da Missa como de costume, com a presid\u00eancia do&nbsp;de Dom Mauro&nbsp;Montagnoli e concelebra\u00e7\u00e3o&nbsp;por padres e di\u00e1conos que comp\u00f5em o clero diocesano.<\/p>\n<p>A par\u00f3quia&nbsp; S\u00e3o Paulo&nbsp;Ap\u00f3stolo foi desmembrada da Par\u00f3quia Santa Rita de C\u00e1ssia. Hoje, a nova&nbsp;par\u00f3quia ser\u00e1 composta por mais duas comunidades: S\u00e3o Lucas e Frei Galv\u00e3o.&nbsp;Vale ressaltar que antes de paroquia, ela passou por 10 anos sendo Capelania.&nbsp;Com a nova Par\u00f3quia S\u00e3o Paulo Ap\u00f3stolo, a Diocese de Ilh\u00e9us est\u00e1 sendo composta por 41 par\u00f3quias em 25 munic\u00edpios. E em Ilh\u00e9us, s\u00e3o 15&nbsp;par\u00f3quias.&nbsp;<\/p>\n<p>Antes dos agradecimentos, o padre Jos\u00e9 Alvino Cristo, pediu um minuto de&nbsp;sil\u00eancio e ora\u00e7\u00e3o ao seu irm\u00e3o do clero que se encontra enfermo no&nbsp;hospital, o Pe. Ant\u00f4nio Celso Ramos da Silva.<br \/>\nAo final, o novo P\u00e1roco proferiu seu discurso de agradecimento e&nbsp;compromisso. E num clima de festa, encerrou a celebra\u00e7\u00e3o com a alegria dos fieis e a&nbsp;certeza de que o Senhor conceda ao povo desta nova comunidade paroquial,&nbsp;a prosseguirem confiantes e animados com sincero entusiasmo.<br \/>\nVale lembrar que&nbsp; a Par\u00f3quia S\u00e3o Paulo Ap\u00f3stolo fica&nbsp;situada na Avenida Princesa Isabel ,222 ,na cidade e diocese de Ilh\u00e9us.<\/p>\n<p>Confira <a href=\"https:\/\/www.facebook.com\/portalcatolicooficial\"><strong>aqui<\/strong><\/a> as fotos da celebra\u00e7\u00e3o.<\/p>\n","protected":false},"excerpt":{"rendered":"<p>Neste domingo, 12 de janeiro, \u00e0s 10h, centenas de fieis se reuniram para&nbsp;participar da celebra\u00e7\u00e3o eucar\u00edstica da Solenidade do Batismo do Senhor&nbsp;e da Instala\u00e7\u00e3o Can\u00f4nica da Par\u00f3quia S\u00e3o Paulo Ap\u00f3stolo, uma nova&nbsp;par\u00f3quia da Diocese de Ilh\u00e9us, no litoral sul da Bahia.&nbsp;Foi um momento de muita import\u00e2ncia e significados relevantes para o processo&nbsp;de evangeliza\u00e7\u00e3o e difus\u00e3o&nbsp;<\/p>\n<p><a class=\"btn btn-style\" href=\"https:\/\/portalcatolico.net\/portal\/diocese-de-ilheus-celebra-instalacao-de-paroquia-e-empossa-paroco\/\">Continue Reading<\/a><\/p>\n","protected":false},"author":2,"featured_media":68033,"comment_status":"open","ping_status":"open","sticky":false,"template":"","format":"standard","meta":{"footnotes":""},"categories":[4],"tags":[],"class_list":["post-68032","post","type-post","status-publish","format-standard","has-post-thumbnail","hentry","category-destaques"],"_links":{"self":[{"href":"https:\/\/portalcatolico.net\/portal\/wp-json\/wp\/v2\/posts\/68032","targetHints":{"allow":["GET"]}}],"collection":[{"href":"https:\/\/portalcatolico.net\/portal\/wp-json\/wp\/v2\/posts"}],"about":[{"href":"https:\/\/portalcatolico.net\/portal\/wp-json\/wp\/v2\/types\/post"}],"author":[{"embeddable":true,"href":"https:\/\/portalcatolico.net\/portal\/wp-json\/wp\/v2\/users\/2"}],"replies":[{"embeddable":true,"href":"https:\/\/portalcatolico.net\/portal\/wp-json\/wp\/v2\/comments?post=68032"}],"version-history":[{"count":2,"href":"https:\/\/portalcatolico.net\/portal\/wp-json\/wp\/v2\/posts\/68032\/revisions"}],"predecessor-version":[{"id":68036,"href":"https:\/\/portalcatolico.net\/portal\/wp-json\/wp\/v2\/posts\/68032\/revisions\/68036"}],"wp:featuredmedia":[{"embeddable":true,"href":"https:\/\/portalcatolico.net\/portal\/wp-json\/wp\/v2\/media\/68033"}],"wp:attachment":[{"href":"https:\/\/portalcatolico.net\/portal\/wp-json\/wp\/v2\/media?parent=68032"}],"wp:term":[{"taxonomy":"category","embeddable":true,"href":"https:\/\/portalcatolico.net\/portal\/wp-json\/wp\/v2\/categories?post=68032"},{"taxonomy":"post_tag","embeddable":true,"href":"https:\/\/portalcatolico.net\/portal\/wp-json\/wp\/v2\/tags?post=68032"}],"curies":[{"name":"wp","href":"https:\/\/api.w.org\/{rel}","templated":true}]}}