{"id":67954,"date":"2020-01-05T21:12:15","date_gmt":"2020-01-06T00:12:15","guid":{"rendered":"http:\/\/portalcatolico.net\/portal\/?p=67954"},"modified":"2020-01-05T21:13:16","modified_gmt":"2020-01-06T00:13:16","slug":"arquidiocese-do-rio-de-janeiro-inicia-trezena-de-sao-sebastiao","status":"publish","type":"post","link":"https:\/\/portalcatolico.net\/portal\/arquidiocese-do-rio-de-janeiro-inicia-trezena-de-sao-sebastiao\/","title":{"rendered":"Arquidiocese do Rio de Janeiro inicia Trezena de S\u00e3o Sebasti\u00e3o"},"content":{"rendered":"<p>A Arquidiocese do Rio de Janeiro (RJ) inicia nesta ter\u00e7a-feira, a Trezena de S\u00e3o Sebasti\u00e3o 2020, pois&nbsp; os paroquianos do&nbsp; Rio de Janeiro se preparam para vivenciar entre os dias 7 e 19 de janeiro, a Trezena de S\u00e3o Sebasti\u00e3o. Neste per\u00edodo de treze dias, a imagem mission\u00e1ria do padroeiro da Arquidiocese do Rio de Janeiro e&nbsp; da Cidade Maravilhosa ir\u00e1 percorrer todo o Rio, em v\u00e1rios \u00f3rg\u00e3os federais, municipais, hospitais, par\u00f3quias, santu\u00e1rios, capelas, entre outros.&nbsp;<br \/>\nSegundo informa\u00e7\u00f5es do site da Arquidiocese,&nbsp;a Coordena\u00e7\u00e3o de Pastoral preparou um roteiro para as celebra\u00e7\u00f5es nas comunidades com o objetivo de que os fi\u00e9is se preparem para este momento de ora\u00e7\u00e3o e reflex\u00e3o. <strong><a href=\"https:\/\/drive.google.com\/file\/d\/1ADR-CEV-LK0WpQ7NlicKMg82cjYzdPXx\/view\">Clique aqui e<\/a> confira a programa\u00e7\u00e3o<\/strong>:<\/p>\n","protected":false},"excerpt":{"rendered":"<p>A Arquidiocese do Rio de Janeiro (RJ) inicia nesta ter\u00e7a-feira, a Trezena de S\u00e3o Sebasti\u00e3o 2020, pois&nbsp; os paroquianos do&nbsp; Rio de Janeiro se preparam para vivenciar entre os dias 7 e 19 de janeiro, a Trezena de S\u00e3o Sebasti\u00e3o. Neste per\u00edodo de treze dias, a imagem mission\u00e1ria do padroeiro da Arquidiocese do Rio de&nbsp;<\/p>\n<p><a class=\"btn btn-style\" href=\"https:\/\/portalcatolico.net\/portal\/arquidiocese-do-rio-de-janeiro-inicia-trezena-de-sao-sebastiao\/\">Continue Reading<\/a><\/p>\n","protected":false},"author":2,"featured_media":62820,"comment_status":"open","ping_status":"open","sticky":false,"template":"","format":"standard","meta":{"footnotes":""},"categories":[1],"tags":[],"class_list":["post-67954","post","type-post","status-publish","format-standard","has-post-thumbnail","hentry","category-agenda"],"_links":{"self":[{"href":"https:\/\/portalcatolico.net\/portal\/wp-json\/wp\/v2\/posts\/67954","targetHints":{"allow":["GET"]}}],"collection":[{"href":"https:\/\/portalcatolico.net\/portal\/wp-json\/wp\/v2\/posts"}],"about":[{"href":"https:\/\/portalcatolico.net\/portal\/wp-json\/wp\/v2\/types\/post"}],"author":[{"embeddable":true,"href":"https:\/\/portalcatolico.net\/portal\/wp-json\/wp\/v2\/users\/2"}],"replies":[{"embeddable":true,"href":"https:\/\/portalcatolico.net\/portal\/wp-json\/wp\/v2\/comments?post=67954"}],"version-history":[{"count":1,"href":"https:\/\/portalcatolico.net\/portal\/wp-json\/wp\/v2\/posts\/67954\/revisions"}],"predecessor-version":[{"id":67955,"href":"https:\/\/portalcatolico.net\/portal\/wp-json\/wp\/v2\/posts\/67954\/revisions\/67955"}],"wp:featuredmedia":[{"embeddable":true,"href":"https:\/\/portalcatolico.net\/portal\/wp-json\/wp\/v2\/media\/62820"}],"wp:attachment":[{"href":"https:\/\/portalcatolico.net\/portal\/wp-json\/wp\/v2\/media?parent=67954"}],"wp:term":[{"taxonomy":"category","embeddable":true,"href":"https:\/\/portalcatolico.net\/portal\/wp-json\/wp\/v2\/categories?post=67954"},{"taxonomy":"post_tag","embeddable":true,"href":"https:\/\/portalcatolico.net\/portal\/wp-json\/wp\/v2\/tags?post=67954"}],"curies":[{"name":"wp","href":"https:\/\/api.w.org\/{rel}","templated":true}]}}