{"id":67951,"date":"2020-01-05T18:40:02","date_gmt":"2020-01-05T21:40:02","guid":{"rendered":"http:\/\/portalcatolico.net\/portal\/?p=67951"},"modified":"2020-01-05T18:40:20","modified_gmt":"2020-01-05T21:40:20","slug":"reflexao-para-a-epifania-do-senhor","status":"publish","type":"post","link":"https:\/\/portalcatolico.net\/portal\/reflexao-para-a-epifania-do-senhor\/","title":{"rendered":"Reflex\u00e3o para a Epifania do Senhor"},"content":{"rendered":"<div class=\"article__subTitle\">Manifesta\u00e7\u00e3o do Menino Deus ao mundo! Deus d\u00e1 aos Reis Magos a intui\u00e7\u00e3o, a sensibilidade e o dom do discernimento, que os levam a Bel\u00e9m.<\/div>\n<div>&nbsp;<\/div>\n<div>A primeira leitura faz refer\u00eancia \u00e0 situa\u00e7\u00e3o de luto em que vive o Povo da Antiga Alian\u00e7a e o an\u00fancio de que deve se despir dessas vestes e trajar as da alegria porque o Senhor vir\u00e1 a ele e o iluminar\u00e1 com sua pr\u00f3pria Luz. Ser\u00e1 o povo luz, que iluminar\u00e1 os demais.<\/div>\n<div class=\"title__separator\">\n<p>No Evangelho, vemos representantes de povos estrangeiros vindos at\u00e9 os descendentes de Abra\u00e3o, guiados por uma luz diferente e buscando entre eles o novo rei.<\/p>\n<p>Acontece que os magos, ao buscarem o novo rei, v\u00e3o a Jerusal\u00e9m e at\u00e9 Herodes. Apesar de intu\u00edrem e buscarem o novo, eles seguem os costumes antigos. Mas Deus d\u00e1 a eles, al\u00e9m da intui\u00e7\u00e3o e sensibilidade, o dom do discernimento. Quando eles conversam com o rei Herodes, percebem que ali est\u00e1 um assassino, um opressor, um aut\u00eantico t\u00edtere dos imperadores romanos. Ora, o novo rei \u00e9 um chefe que apascentar\u00e1 o povo, que o defender\u00e1 dos lobos, bem diferente de Herodes.<\/p>\n<p>Tamb\u00e9m o dom do discernimento far\u00e1 com que percebam que n\u00e3o poder\u00e3o encontr\u00e1-lo em Jerusal\u00e9m, a cidade do poder, onde est\u00e3o os sacerdotes coniventes com uma ideologia conservadora e opressora.<\/p>\n<p>As profecias falam na cidade de Davi, Bel\u00e9m. \u00c9 bem menor que a capital, mas possui a gra\u00e7a de ter sido a terra do grande rei, do jovem pastor, oriundo de uma fam\u00edlia pobre. Os magos seguem as profecias e o conselho interesseiro do rei e colocam-se de novo na estrada. Nesse momento em que est\u00e3o em busca, novamente surge a estrela e os conduz a Bel\u00e9m. Encontram uma crian\u00e7a, com toda sua fragilidade, junto aos seus pais, cidad\u00e3os pobres.<\/p>\n<p>Essa intui\u00e7\u00e3o que os tirou da acomoda\u00e7\u00e3o de casa, que os colocou na estrada, que os guiou como o brilho de uma estrela, que n\u00e3o os abandonou junto ao rei Herodes, que novamente os conduziu at\u00e9 Bel\u00e9m, essa Luz \u00e9 a manifesta\u00e7\u00e3o do pr\u00f3prio Deus.<\/p>\n<p>Mas a ilumina\u00e7\u00e3o n\u00e3o parou a\u00ed, ela os fez ver que o novo rei deveria ser novo em todos os sentidos, inclusive no modo novo de reinar. Enquanto os reis tradicionais reinavam sendo servidos pelos s\u00faditos, este iria servir seus subalternos. O novo rei era pobre e filho de uma fam\u00edlia pobre. Suas visitas eram pessoas simples, desclassificadas aos olhos do alto clero de Jerusal\u00e9m. Um poder novo surgia e vinha dos fracos, dos humildes, mas esse poder contava com uma for\u00e7a diferente, uma for\u00e7a que impulsiona os cora\u00e7\u00f5es e \u00e9 guiada pela Sabedoria.<\/p>\n<p>Ao mesmo tempo o Povo da Alian\u00e7a deixa de ser um povo marcado pelo mesmo sangue e pela mesma cultura e passa a ser composto por aquelas pessoas que aceitam os ditames desse novo rei: amor, perd\u00e3o, simplicidade de vida, generosidade e todos os valores contidos nos Evangelhos.<\/p>\n<p>Pe\u00e7amos ao Senhor que modifique nosso modo velho e viciado de ser, pensar e de agir. Acreditemos \u2013 pois \u00e9 um fato \u2013 que &nbsp;a salva\u00e7\u00e3o n\u00e3o vir\u00e1 dos poderosos, nem do dinheiro, nem da sociedade consumista. Ela vir\u00e1 daquele que possui Luz, brilho pr\u00f3prio, daquele que \u00e9 capaz de dar a vida a si mesmo, porque \u00e9 a pr\u00f3pria Vida, daquele que tem poder porque ama e serve, porque \u00e9 o Amor.<\/p>\n<\/div>\n<div class=\"article__text\">\n<p><b>Reflex\u00e3o do Padre Cesar Augusto dos Santos\/Vatican News<\/b><\/p>\n<\/div>\n","protected":false},"excerpt":{"rendered":"<p>Manifesta\u00e7\u00e3o do Menino Deus ao mundo! Deus d\u00e1 aos Reis Magos a intui\u00e7\u00e3o, a sensibilidade e o dom do discernimento, que os levam a Bel\u00e9m. &nbsp; A primeira leitura faz refer\u00eancia \u00e0 situa\u00e7\u00e3o de luto em que vive o Povo da Antiga Alian\u00e7a e o an\u00fancio de que deve se despir dessas vestes e trajar&nbsp;<\/p>\n<p><a class=\"btn btn-style\" href=\"https:\/\/portalcatolico.net\/portal\/reflexao-para-a-epifania-do-senhor\/\">Continue Reading<\/a><\/p>\n","protected":false},"author":2,"featured_media":67952,"comment_status":"open","ping_status":"open","sticky":false,"template":"","format":"standard","meta":{"footnotes":""},"categories":[4],"tags":[],"class_list":["post-67951","post","type-post","status-publish","format-standard","has-post-thumbnail","hentry","category-destaques"],"_links":{"self":[{"href":"https:\/\/portalcatolico.net\/portal\/wp-json\/wp\/v2\/posts\/67951","targetHints":{"allow":["GET"]}}],"collection":[{"href":"https:\/\/portalcatolico.net\/portal\/wp-json\/wp\/v2\/posts"}],"about":[{"href":"https:\/\/portalcatolico.net\/portal\/wp-json\/wp\/v2\/types\/post"}],"author":[{"embeddable":true,"href":"https:\/\/portalcatolico.net\/portal\/wp-json\/wp\/v2\/users\/2"}],"replies":[{"embeddable":true,"href":"https:\/\/portalcatolico.net\/portal\/wp-json\/wp\/v2\/comments?post=67951"}],"version-history":[{"count":1,"href":"https:\/\/portalcatolico.net\/portal\/wp-json\/wp\/v2\/posts\/67951\/revisions"}],"predecessor-version":[{"id":67953,"href":"https:\/\/portalcatolico.net\/portal\/wp-json\/wp\/v2\/posts\/67951\/revisions\/67953"}],"wp:featuredmedia":[{"embeddable":true,"href":"https:\/\/portalcatolico.net\/portal\/wp-json\/wp\/v2\/media\/67952"}],"wp:attachment":[{"href":"https:\/\/portalcatolico.net\/portal\/wp-json\/wp\/v2\/media?parent=67951"}],"wp:term":[{"taxonomy":"category","embeddable":true,"href":"https:\/\/portalcatolico.net\/portal\/wp-json\/wp\/v2\/categories?post=67951"},{"taxonomy":"post_tag","embeddable":true,"href":"https:\/\/portalcatolico.net\/portal\/wp-json\/wp\/v2\/tags?post=67951"}],"curies":[{"name":"wp","href":"https:\/\/api.w.org\/{rel}","templated":true}]}}