{"id":67949,"date":"2020-01-05T00:05:50","date_gmt":"2020-01-05T03:05:50","guid":{"rendered":"http:\/\/portalcatolico.net\/portal\/?p=67949"},"modified":"2020-01-04T20:06:34","modified_gmt":"2020-01-04T23:06:34","slug":"missa-de-acolhida-do-novo-vigario-paroquial-acontece-em-itabuna","status":"publish","type":"post","link":"https:\/\/portalcatolico.net\/portal\/missa-de-acolhida-do-novo-vigario-paroquial-acontece-em-itabuna\/","title":{"rendered":"Missa de acolhida do novo vig\u00e1rio paroquial acontece em Itabuna"},"content":{"rendered":"<p>A Par\u00f3quia Santa Rita de C\u00e1ssia em Itabuna (BA), atrav\u00e9s do P\u00e1roco, o&nbsp;Pe. Frei Gilton Oliveira, convida os fieis itabunenses e seus&nbsp;paroquianos para missa de acolhida do novo vig\u00e1rio paroquial, Pe. Frei&nbsp;Jos\u00e9 Luiz. A missa ser\u00e1 realizada na Igreja matriz de Santa Rita de&nbsp;C\u00e1ssia, a partir das 19 horas. Na ocasi\u00e3o, as pastorais, movimentos, comunidades&nbsp; e servi\u00e7os far\u00e3o uma acolhida ao&nbsp; Frades Capuchinhos, na&nbsp;ter\u00e7a-feira, 7 de janeiro.<br \/>\n&nbsp; Voc\u00ea, por mora em outras regi\u00f5es e fora&nbsp; da cidade e de outros&nbsp; pa\u00edses,&nbsp;pode&nbsp; acompanhar tudo em tempo real e com transmiss\u00e3o ao vivo pelo&nbsp;Portal Cat\u00f3lico Web R\u00e1dio, pelo computador, celular ou tablet via&nbsp;internet nos seguintes endere\u00e7os eletr\u00f4nicos em nosso site:<br \/>\n<a href=\"http:\/\/www.portalcatolico.net\/\" target=\"_blank\" rel=\"noopener noreferrer\">www.portalcatolico.net<\/a>&nbsp;ou na r\u00e1dio net&nbsp;<a href=\"https:\/\/www.radios.com.br\/aovivo\/web-radio-portal-catolico\/40395\" target=\"_blank\" rel=\"noopener noreferrer\">https:\/\/www.radios.com.br\/aovivo\/web-radio-portal-catolico\/40395<\/a>.<br \/>\nVoc\u00ea tamb\u00e9m pode fazer download do aplicativo gratuitamente no&nbsp;Play Store:<br \/>\n<a href=\"https:\/\/play.google.com\/store\/apps\/details?id=com.livemus.radioportalcatolicooficial\" target=\"_blank\" rel=\"noopener noreferrer\">https:\/\/play.google.com\/store\/apps\/details?id=com.livemus.radioportalcatolicooficial<\/a>.<b><\/b><\/p>\n<p>Foto:Acervo\/Portal Cat\u00f3lico.Net<\/p>\n","protected":false},"excerpt":{"rendered":"<p>A Par\u00f3quia Santa Rita de C\u00e1ssia em Itabuna (BA), atrav\u00e9s do P\u00e1roco, o&nbsp;Pe. Frei Gilton Oliveira, convida os fieis itabunenses e seus&nbsp;paroquianos para missa de acolhida do novo vig\u00e1rio paroquial, Pe. Frei&nbsp;Jos\u00e9 Luiz. A missa ser\u00e1 realizada na Igreja matriz de Santa Rita de&nbsp;C\u00e1ssia, a partir das 19 horas. Na ocasi\u00e3o, as pastorais, movimentos, comunidades&nbsp;&nbsp;<\/p>\n<p><a class=\"btn btn-style\" href=\"https:\/\/portalcatolico.net\/portal\/missa-de-acolhida-do-novo-vigario-paroquial-acontece-em-itabuna\/\">Continue Reading<\/a><\/p>\n","protected":false},"author":2,"featured_media":64333,"comment_status":"open","ping_status":"open","sticky":false,"template":"","format":"standard","meta":{"footnotes":""},"categories":[4],"tags":[],"class_list":["post-67949","post","type-post","status-publish","format-standard","has-post-thumbnail","hentry","category-destaques"],"_links":{"self":[{"href":"https:\/\/portalcatolico.net\/portal\/wp-json\/wp\/v2\/posts\/67949","targetHints":{"allow":["GET"]}}],"collection":[{"href":"https:\/\/portalcatolico.net\/portal\/wp-json\/wp\/v2\/posts"}],"about":[{"href":"https:\/\/portalcatolico.net\/portal\/wp-json\/wp\/v2\/types\/post"}],"author":[{"embeddable":true,"href":"https:\/\/portalcatolico.net\/portal\/wp-json\/wp\/v2\/users\/2"}],"replies":[{"embeddable":true,"href":"https:\/\/portalcatolico.net\/portal\/wp-json\/wp\/v2\/comments?post=67949"}],"version-history":[{"count":1,"href":"https:\/\/portalcatolico.net\/portal\/wp-json\/wp\/v2\/posts\/67949\/revisions"}],"predecessor-version":[{"id":67950,"href":"https:\/\/portalcatolico.net\/portal\/wp-json\/wp\/v2\/posts\/67949\/revisions\/67950"}],"wp:featuredmedia":[{"embeddable":true,"href":"https:\/\/portalcatolico.net\/portal\/wp-json\/wp\/v2\/media\/64333"}],"wp:attachment":[{"href":"https:\/\/portalcatolico.net\/portal\/wp-json\/wp\/v2\/media?parent=67949"}],"wp:term":[{"taxonomy":"category","embeddable":true,"href":"https:\/\/portalcatolico.net\/portal\/wp-json\/wp\/v2\/categories?post=67949"},{"taxonomy":"post_tag","embeddable":true,"href":"https:\/\/portalcatolico.net\/portal\/wp-json\/wp\/v2\/tags?post=67949"}],"curies":[{"name":"wp","href":"https:\/\/api.w.org\/{rel}","templated":true}]}}