{"id":67941,"date":"2020-01-04T08:25:25","date_gmt":"2020-01-04T11:25:25","guid":{"rendered":"http:\/\/portalcatolico.net\/portal\/?p=67941"},"modified":"2020-01-04T08:28:48","modified_gmt":"2020-01-04T11:28:48","slug":"crise-eua-ira-o-nuncio-o-papa-reza-ha-preocupacao","status":"publish","type":"post","link":"https:\/\/portalcatolico.net\/portal\/crise-eua-ira-o-nuncio-o-papa-reza-ha-preocupacao\/","title":{"rendered":"Crise EUA-Ir\u00e3, o n\u00fancio: o Papa reza, h\u00e1 preocupa\u00e7\u00e3o"},"content":{"rendered":"<div class=\"article__subTitle\">Alcan\u00e7ado por telefone em Teer\u00e3, dom Leo Boccardi descreve a situa\u00e7\u00e3o de tens\u00e3o e protestos causados pela morte do general Solemaini ap\u00f3s o ataque estadunidense: devem ser usadas as armas da negocia\u00e7\u00e3o e da justi\u00e7a.<\/div>\n<div class=\"title__separator\">O aumento da tens\u00e3o entre Washington e Teer\u00e3, ap\u00f3s a morte de uma das figuras-chave do cen\u00e1rio iraniano, o general Qassem Soleimani, v\u00edtima de um ataque a\u00e9reo estadunidense, desperta apreens\u00e3o na Santa S\u00e9, com o Papa Francisco que segue a evolu\u00e7\u00e3o da situa\u00e7\u00e3o e reza pela paz. Vatican News conversou sobre isso com o n\u00fancio apost\u00f3lico no Ir\u00e3, dom Leo Boccardi:<\/div>\n<div class=\"title__separator\"><strong>Ou\u00e7a a reportagem<\/strong><\/div>\n<div>\n<audio class=\"wp-audio-shortcode\" id=\"audio-67941-1\" preload=\"none\" style=\"width: 100%;\" controls=\"controls\"><source type=\"audio\/mpeg\" src=\"http:\/\/portalcatolico.net\/portal\/wp-content\/uploads\/2020\/01\/135416208_F135416208.mp3?_=1\" \/><a href=\"http:\/\/portalcatolico.net\/portal\/wp-content\/uploads\/2020\/01\/135416208_F135416208.mp3\">http:\/\/portalcatolico.net\/portal\/wp-content\/uploads\/2020\/01\/135416208_F135416208.mp3<\/a><\/audio>\n<\/div>\n<div>\n<p><i>O Papa foi informado do que est\u00e1 ocorrendo nestas horas em toda a regi\u00e3o e tamb\u00e9m no Ir\u00e3, ap\u00f3s o assassinato do general Solemaini. Tudo isso cria preocupa\u00e7\u00e3o e nos mostra como \u00e9 dif\u00edcil construir e acreditar na paz. A boa pol\u00edtica est\u00e1 a servi\u00e7o da paz, toda a comunidade internacional deve colocar-se a servi\u00e7o da paz, n\u00e3o s\u00f3 na regi\u00e3o, mas em todo o mundo. Certamente, h\u00e1 uma grande tens\u00e3o no Ir\u00e3, neste momento. Tem havido manifesta\u00e7\u00f5es onde, ap\u00f3s a incredulidade, se registram viol\u00eancia, dor e protestos.<\/i><\/p>\n<p><i><b>Um momento muito dif\u00edcil e muito delicado. O que \u00e9 importante neste momento?<\/b><\/i><\/p>\n<div>\n<aside class=\"article__readmore\">\n<div class=\"teaser--labelEvidence teaser teaser--type-article\">\n<article>\n<div class=\"teaser__labelWrapper\"><i>O apelo \u00e9 para diminuir a tens\u00e3o, chamar todos \u00e0 negocia\u00e7\u00e3o e acreditar no di\u00e1logo sabendo, como a hist\u00f3ria sempre nos ensinou, que a guerra e as armas n\u00e3o s\u00e3o as solu\u00e7\u00f5es para os problemas que afligem o mundo de hoje. Temos de acreditar na negocia\u00e7\u00e3o. Temos de acreditar no di\u00e1logo. Devemos renunciar ao conflito e armar-nos com as outras armas que s\u00e3o as da justi\u00e7a e da boa vontade.<\/i><\/div>\n<div class=\"teaser__contentWrapper\">\n<div class=\"teaser__info\">\n<p><b>Para usar estas &#8220;armas&#8221; da justi\u00e7a e boa vontade, o que devemos fazer?<\/b><\/p>\n<p><i>Devemos continuar a fazer todos os esfor\u00e7os para chamar a aten\u00e7\u00e3o da comunidade internacional para a situa\u00e7\u00e3o no Oriente M\u00e9dio. Uma situa\u00e7\u00e3o que deve ser resolvida e todos devem ser chamados \u00e0 responsabilidade direta que temos.&nbsp;<\/i>Pacta sunt servanda,<i>&nbsp;diz uma regra importante da diplomacia. E as regras do direito devem ser respeitadas por todos.<\/i><\/p>\n<p>Foto:Protestos no Ir\u00e3&nbsp; (AFP or licensors)<\/p>\n<\/div>\n<div><b>Por Amedeo Lomonaco, Silvonei Jos\u00e9\/Vatican News<\/b><\/div>\n<\/div>\n<\/article>\n<\/div>\n<\/aside>\n<\/div>\n<\/div>\n","protected":false},"excerpt":{"rendered":"<p>Alcan\u00e7ado por telefone em Teer\u00e3, dom Leo Boccardi descreve a situa\u00e7\u00e3o de tens\u00e3o e protestos causados pela morte do general Solemaini ap\u00f3s o ataque estadunidense: devem ser usadas as armas da negocia\u00e7\u00e3o e da justi\u00e7a. O aumento da tens\u00e3o entre Washington e Teer\u00e3, ap\u00f3s a morte de uma das figuras-chave do cen\u00e1rio iraniano, o general&nbsp;<\/p>\n<p><a class=\"btn btn-style\" href=\"https:\/\/portalcatolico.net\/portal\/crise-eua-ira-o-nuncio-o-papa-reza-ha-preocupacao\/\">Continue Reading<\/a><\/p>\n","protected":false},"author":2,"featured_media":67947,"comment_status":"open","ping_status":"open","sticky":false,"template":"","format":"standard","meta":{"footnotes":""},"categories":[5],"tags":[],"class_list":["post-67941","post","type-post","status-publish","format-standard","has-post-thumbnail","hentry","category-igreja_no_mundo"],"_links":{"self":[{"href":"https:\/\/portalcatolico.net\/portal\/wp-json\/wp\/v2\/posts\/67941","targetHints":{"allow":["GET"]}}],"collection":[{"href":"https:\/\/portalcatolico.net\/portal\/wp-json\/wp\/v2\/posts"}],"about":[{"href":"https:\/\/portalcatolico.net\/portal\/wp-json\/wp\/v2\/types\/post"}],"author":[{"embeddable":true,"href":"https:\/\/portalcatolico.net\/portal\/wp-json\/wp\/v2\/users\/2"}],"replies":[{"embeddable":true,"href":"https:\/\/portalcatolico.net\/portal\/wp-json\/wp\/v2\/comments?post=67941"}],"version-history":[{"count":4,"href":"https:\/\/portalcatolico.net\/portal\/wp-json\/wp\/v2\/posts\/67941\/revisions"}],"predecessor-version":[{"id":67948,"href":"https:\/\/portalcatolico.net\/portal\/wp-json\/wp\/v2\/posts\/67941\/revisions\/67948"}],"wp:featuredmedia":[{"embeddable":true,"href":"https:\/\/portalcatolico.net\/portal\/wp-json\/wp\/v2\/media\/67947"}],"wp:attachment":[{"href":"https:\/\/portalcatolico.net\/portal\/wp-json\/wp\/v2\/media?parent=67941"}],"wp:term":[{"taxonomy":"category","embeddable":true,"href":"https:\/\/portalcatolico.net\/portal\/wp-json\/wp\/v2\/categories?post=67941"},{"taxonomy":"post_tag","embeddable":true,"href":"https:\/\/portalcatolico.net\/portal\/wp-json\/wp\/v2\/tags?post=67941"}],"curies":[{"name":"wp","href":"https:\/\/api.w.org\/{rel}","templated":true}]}}