{"id":67894,"date":"2020-01-01T08:22:19","date_gmt":"2020-01-01T11:22:19","guid":{"rendered":"http:\/\/portalcatolico.net\/portal\/?p=67894"},"modified":"2020-01-01T08:23:14","modified_gmt":"2020-01-01T11:23:14","slug":"estes-sao-os-novos-santos-e-beatos-que-a-decada-de-2010-nos-deixa","status":"publish","type":"post","link":"https:\/\/portalcatolico.net\/portal\/estes-sao-os-novos-santos-e-beatos-que-a-decada-de-2010-nos-deixa\/","title":{"rendered":"Conhe\u00e7a os novos santos e beatos que a d\u00e9cada de 2010 nos deixa"},"content":{"rendered":"<p>Como come\u00e7ar\u00e1 uma nova d\u00e9cada em 1\u00ba de janeiro, segue uma vis\u00e3o retrospectiva de alguns homens e mulheres que foram declarados santos e beatos nos \u00faltimos dez anos.<\/p>\n<p><strong>2011<\/strong><\/p>\n<p>Em junho de 2011, foram beatificados na cidade de L\u00fcbeck (Alemanha), os sacerdotes Johannes Prassek, Hermann Lange e Eduard M\u00fcller, que foram martirizados e assassinados pelos nazistas em 1943, durante a Segunda Guerra Mundial.<\/p>\n<p><strong>2012<\/strong><\/p>\n<p>No in\u00edcio do S\u00ednodo dos&nbsp;Bispos&nbsp;sobre a nova evangeliza\u00e7\u00e3o, em 7 de outubro de 2012, o&nbsp;Papa Bento XVI&nbsp;declarou dois novos Doutores da&nbsp;Igreja: o espanhol S\u00e3o Jo\u00e3o de \u00c1vila e a alem\u00e3 Santa Hildegarda de Bingen.<\/p>\n<p><strong>2013<\/strong><\/p>\n<p>Em 12 de maio de 2013, o Papa Francisco presidiu na Pra\u00e7a de S\u00e3o Pedro a&nbsp;Missa&nbsp;de canoniza\u00e7\u00e3o de Ant\u00f4nio Primaldo e seus 800 companheiros, martirizados pelos mu\u00e7ulmanos do Imp\u00e9rio Otomano durante o ataque \u00e0 pequena cidade italiana de Otranto, na Ap\u00falia, 29 de julho de 1480.<\/p>\n<p><strong>2014<\/strong><\/p>\n<p>Em 27 de abril de 2014, o Papa Francisco declarou santos S\u00e3o Jo\u00e3o Paulo II e S\u00e3o Jo\u00e3o XXIII, em uma Missa concelebrada por mais de mil pastores, entre&nbsp;cardeais, bispos e sacerdotes, incluindo o Pont\u00edfice em\u00e9rito&nbsp;Bento XVI, e diante de cerca de 800 mil peregrinos.<\/p>\n<p><strong>2015<\/strong><\/p>\n<p>Em 12 de abril de 2015, o Papa Francisco proclamou Doutor da Igreja a S\u00e3o Greg\u00f3rio de Narek, conhecido como &#8220;Santo Agostinho dos Arm\u00eanios&#8221;.<\/p>\n<p>O Santo Padre concedeu o t\u00edtulo durante uma Missa celebrada em mem\u00f3ria de todas as v\u00edtimas do genoc\u00eddio arm\u00eanio, perpetrado pelo Imp\u00e9rio Otomano contra os crist\u00e3os h\u00e1 mais de cem anos.<\/p>\n<p>No mesmo ano, em 23 de setembro, o Papa Francisco celebrou a Missa na esplanada do Santu\u00e1rio Nacional da Imaculada Concei\u00e7\u00e3o, em Washington DC. (Estados Unidos), na qual declarou santo o frade de origem espanhola e pai da Calif\u00f3rnia, Frei Jun\u00edpero Serra.<\/p>\n<p>Foi a primeira vez que um Papa presidiu uma canoniza\u00e7\u00e3o nos Estados Unidos e a primeira vez que Francisco visitou este pa\u00eds.<\/p>\n<p><strong>2016<\/strong><\/p>\n<p>Em 4 de setembro deste ano, o Papa Francisco canonizou Madre Teresa de Calcut\u00e1, descrita por ele como &#8220;uma generosa dispensadora da miseric\u00f3rdia divina&#8221;, uma das figuras mais emblem\u00e1ticas da Igreja Cat\u00f3lica e do mundo no s\u00e9culo XX.<\/p>\n<p>Estima-se que cerca de 120 mil pessoas de todo o mundo compareceram.<\/p>\n<p><strong>2017<\/strong><\/p>\n<p>Em 13 de maio de 2017, o Papa Francisco presidiu no \u00e1trio do Santu\u00e1rio de Nossa Senhora de F\u00e1tima (Portugal) a Missa de canoniza\u00e7\u00e3o dos pastorinhos Francisco e Jacinta Marto, as crian\u00e7as que em 1917 testemunharam as apari\u00e7\u00f5es de Nossa Senhora nesta localidade portuguesa, junto com sua prima L\u00facia.<\/p>\n<p><strong>2018<\/strong><\/p>\n<p>O Papa Francisco canonizou no dia 14 de outubro de 2018 Paulo VI, Dom Oscar Romero e outros cinco beatos, durante uma Missa multitudin\u00e1ria celebrada na Pra\u00e7a de S\u00e3o Pedro.<\/p>\n<p>Os outros cinco beatos que foram canonizados s\u00e3o os sacerdotes italianos Francesco Spinelli e Vincenzo Romano, as religiosas Maria Caterina Kasper e Nazaria Ignacia de Santa Teresa de Jesus March Mesa, e o leigo italiano Nunzio Sulprizio.<\/p>\n<p><strong>2019<\/strong><\/p>\n<p>No dia 13 de outubro deste ano, o Papa presidiu a Missa de canoniza\u00e7\u00e3o de Ir. Dulce Lopes Pontes, conhecida como \u201canjo bom\u201d da Bahia e a primeira santa nascida no Brasil.<\/p>\n<p>Tamb\u00e9m foram canonizados S\u00e3o John Henry Newman, Santa Giuseppina Vanni, Santa Mariam Thresia Chiramel Mankidiyan, e Santa Marguerite Bays.(ACI Digital)<\/p>\n<p>Imagem referencial \/ Cr\u00e9dito: Dom\u00ednio p\u00fablico<\/p>\n","protected":false},"excerpt":{"rendered":"<p>Como come\u00e7ar\u00e1 uma nova d\u00e9cada em 1\u00ba de janeiro, segue uma vis\u00e3o retrospectiva de alguns homens e mulheres que foram declarados santos e beatos nos \u00faltimos dez anos. 2011 Em junho de 2011, foram beatificados na cidade de L\u00fcbeck (Alemanha), os sacerdotes Johannes Prassek, Hermann Lange e Eduard M\u00fcller, que foram martirizados e assassinados pelos&nbsp;<\/p>\n<p><a class=\"btn btn-style\" href=\"https:\/\/portalcatolico.net\/portal\/estes-sao-os-novos-santos-e-beatos-que-a-decada-de-2010-nos-deixa\/\">Continue Reading<\/a><\/p>\n","protected":false},"author":2,"featured_media":67895,"comment_status":"open","ping_status":"open","sticky":false,"template":"","format":"standard","meta":{"footnotes":""},"categories":[5],"tags":[],"class_list":["post-67894","post","type-post","status-publish","format-standard","has-post-thumbnail","hentry","category-igreja_no_mundo"],"_links":{"self":[{"href":"https:\/\/portalcatolico.net\/portal\/wp-json\/wp\/v2\/posts\/67894","targetHints":{"allow":["GET"]}}],"collection":[{"href":"https:\/\/portalcatolico.net\/portal\/wp-json\/wp\/v2\/posts"}],"about":[{"href":"https:\/\/portalcatolico.net\/portal\/wp-json\/wp\/v2\/types\/post"}],"author":[{"embeddable":true,"href":"https:\/\/portalcatolico.net\/portal\/wp-json\/wp\/v2\/users\/2"}],"replies":[{"embeddable":true,"href":"https:\/\/portalcatolico.net\/portal\/wp-json\/wp\/v2\/comments?post=67894"}],"version-history":[{"count":3,"href":"https:\/\/portalcatolico.net\/portal\/wp-json\/wp\/v2\/posts\/67894\/revisions"}],"predecessor-version":[{"id":67898,"href":"https:\/\/portalcatolico.net\/portal\/wp-json\/wp\/v2\/posts\/67894\/revisions\/67898"}],"wp:featuredmedia":[{"embeddable":true,"href":"https:\/\/portalcatolico.net\/portal\/wp-json\/wp\/v2\/media\/67895"}],"wp:attachment":[{"href":"https:\/\/portalcatolico.net\/portal\/wp-json\/wp\/v2\/media?parent=67894"}],"wp:term":[{"taxonomy":"category","embeddable":true,"href":"https:\/\/portalcatolico.net\/portal\/wp-json\/wp\/v2\/categories?post=67894"},{"taxonomy":"post_tag","embeddable":true,"href":"https:\/\/portalcatolico.net\/portal\/wp-json\/wp\/v2\/tags?post=67894"}],"curies":[{"name":"wp","href":"https:\/\/api.w.org\/{rel}","templated":true}]}}