{"id":67891,"date":"2020-01-01T08:15:15","date_gmt":"2020-01-01T11:15:15","guid":{"rendered":"http:\/\/portalcatolico.net\/portal\/?p=67891"},"modified":"2020-01-01T08:15:15","modified_gmt":"2020-01-01T11:15:15","slug":"reflexao-para-a-solenidade-de-santa-maria-mae-de-deus","status":"publish","type":"post","link":"https:\/\/portalcatolico.net\/portal\/reflexao-para-a-solenidade-de-santa-maria-mae-de-deus\/","title":{"rendered":"Reflex\u00e3o para a Solenidade de Santa Maria, M\u00e3e de Deus"},"content":{"rendered":"<div class=\"article__subTitle\">Iniciamos o Ano Civil com a solenidade da maternidade divina, quando Maria d\u00e1 \u00e0 Humanidade aquele que \u00e9 a b\u00ean\u00e7\u00e3o do Pai, a pr\u00f3pria paz, Jesus Cristo!<\/div>\n<div class=\"article__text\">\n<p>Hoje, oitava de Natal, \u00e9 celebrado o nome de Jesus dado ao pequeno rec\u00e9m-nascido, mas sobretudo \u00e9 a solenidade de Maria, sua M\u00e3e, como M\u00e3e de Deus.<\/p>\n<p>O nome Jesus significa Deus Salva e ele \u00e9 o Pr\u00edncipe da Paz. Por isso hoje \u00e9 tamb\u00e9m comemorado o Dia Mundial da Paz!<\/p>\n<p>Iniciamos o Ano Civil com a solenidade da maternidade divina, quando Maria d\u00e1 \u00e0 Humanidade aquele que \u00e9 a b\u00ean\u00e7\u00e3o do Pai, a pr\u00f3pria paz, Jesus Cristo!<\/p>\n<p>A imposi\u00e7\u00e3o do nome Jesus ao Menino, enfoca nessa crian\u00e7a todo o significado, todo o conhecimento das palavras vida e b\u00ean\u00e7\u00e3o. JESUS significa DEUS SALVA. Portanto esse Menino \u00e9 a pr\u00f3pria salva\u00e7\u00e3o, a pr\u00f3pria b\u00ean\u00e7\u00e3o, a perfeita b\u00ean\u00e7\u00e3o, a paz. Como ele dir\u00e1 mais tarde sobre si mesmo: EU SOU O CAMINHO, A VERDADE, A VIDA.<\/p>\n<p>A Humanidade que tanto desejava a b\u00ean\u00e7\u00e3o, a paz, a Vida, agora recebe todos esses dons nesse Menino, em Jesus.<\/p>\n<p>B\u00ean\u00e7\u00e3o \u00e9 um voto de desejo de que a for\u00e7a de Deus venha sobre as pessoas que a recebem, para que saibam enfrentar os desafios que ter\u00e3o no ano que se inicia. E como \u00e9 pronunciada sobre a pessoa, em nome de Deus, \u00e9 certo que isso acontecer\u00e1 pela for\u00e7a da vontade do pr\u00f3prio Deus. A f\u00e9 em Deus, de saber-se amado por Ele, \u00e9 important\u00edssima nesse momento.<\/p>\n<p>Portanto, Jesus \u00e9 a pr\u00f3pria for\u00e7a de Deus, \u00e9 a resposta ao nosso desejo de sermos amados pelo Pai, que \u2013 de fato \u2013 nos amou por primeiro.<\/p>\n<p>Por outro lado, como a b\u00ean\u00e7\u00e3o n\u00e3o \u00e9 magia, mas desejo do cora\u00e7\u00e3o de Deus e do Homem, ela sup\u00f5e compromisso da parte deste. \u00c9 necess\u00e1rio que o Homem desejoso da b\u00ean\u00e7\u00e3o da paz, mude seu cora\u00e7\u00e3o, deixe de lado a inveja, a cobi\u00e7a, a maledic\u00eancia. A paz s\u00f3 vir\u00e1 para um cora\u00e7\u00e3o desprendido e ele ser\u00e1, onde estiver, art\u00edfice da paz.<\/p>\n<p>Deus \u00e9 nosso Pai e isso nos compromete a vivermos como filhos. O Evangelho nos diz que a salva\u00e7\u00e3o e a paz s\u00e3o frutos da humildade, da simplicidade de vida.<\/p>\n<p>\u00c9 importante que se diga que apesar de a b\u00ean\u00e7\u00e3o ter sido dita sobre n\u00f3s em nome de Deus, no dia a dia nem tudo ocorrer\u00e1 como desejamos. Quem espera que a b\u00ean\u00e7\u00e3o de Deus seja um ato m\u00e1gico, supersticioso que nos livra de contrariedades, transforma Deus em um xam\u00e3, esquecendo-se de que Ele \u00e9 Pai.<\/p>\n<p>O aut\u00eantico crist\u00e3o, aquele que cr\u00ea que tudo colabora para o bem dos que s\u00e3o amados por Deus, sabe que o Pai \u00e9 o Senhor da Hist\u00f3ria, que nada acontece sem seu conhecimento e que tudo est\u00e1 sob seu poder. Seria muito estranho, muito humano se Deus protegesse apenas aqueles que buscam seu socorro.<\/p>\n<p>Deus \u00e9 Pai de todos, faz chover sobre os bons e os maus. A diferen\u00e7a est\u00e1 em que os humildes, aqueles que se reconhecem criaturas, sabem que tudo est\u00e1 nas m\u00e3os de Deus e n\u2019Ele confiam. O modo de enfrentar uma situa\u00e7\u00e3o dif\u00edcil distingue quem tem f\u00e9 e esperan\u00e7a e quem em nada cr\u00ea.<\/p>\n<p>Mais um tempo dado pelo Senhor para nos aprofundarmos na viv\u00eancia de Seu amor e no servi\u00e7o aos irm\u00e3os. Feliz Ano Novo!<\/p>\n<p>Por:Padre C\u00e9sar Augusto dos Santos\/Vatican News<\/p>\n<p>&nbsp;<\/p>\n<p>&nbsp;<\/p>\n<\/div>\n","protected":false},"excerpt":{"rendered":"<p>Iniciamos o Ano Civil com a solenidade da maternidade divina, quando Maria d\u00e1 \u00e0 Humanidade aquele que \u00e9 a b\u00ean\u00e7\u00e3o do Pai, a pr\u00f3pria paz, Jesus Cristo! Hoje, oitava de Natal, \u00e9 celebrado o nome de Jesus dado ao pequeno rec\u00e9m-nascido, mas sobretudo \u00e9 a solenidade de Maria, sua M\u00e3e, como M\u00e3e de Deus. O&nbsp;<\/p>\n<p><a class=\"btn btn-style\" href=\"https:\/\/portalcatolico.net\/portal\/reflexao-para-a-solenidade-de-santa-maria-mae-de-deus\/\">Continue Reading<\/a><\/p>\n","protected":false},"author":2,"featured_media":67892,"comment_status":"open","ping_status":"open","sticky":false,"template":"","format":"standard","meta":{"footnotes":""},"categories":[5],"tags":[],"class_list":["post-67891","post","type-post","status-publish","format-standard","has-post-thumbnail","hentry","category-igreja_no_mundo"],"_links":{"self":[{"href":"https:\/\/portalcatolico.net\/portal\/wp-json\/wp\/v2\/posts\/67891","targetHints":{"allow":["GET"]}}],"collection":[{"href":"https:\/\/portalcatolico.net\/portal\/wp-json\/wp\/v2\/posts"}],"about":[{"href":"https:\/\/portalcatolico.net\/portal\/wp-json\/wp\/v2\/types\/post"}],"author":[{"embeddable":true,"href":"https:\/\/portalcatolico.net\/portal\/wp-json\/wp\/v2\/users\/2"}],"replies":[{"embeddable":true,"href":"https:\/\/portalcatolico.net\/portal\/wp-json\/wp\/v2\/comments?post=67891"}],"version-history":[{"count":1,"href":"https:\/\/portalcatolico.net\/portal\/wp-json\/wp\/v2\/posts\/67891\/revisions"}],"predecessor-version":[{"id":67893,"href":"https:\/\/portalcatolico.net\/portal\/wp-json\/wp\/v2\/posts\/67891\/revisions\/67893"}],"wp:featuredmedia":[{"embeddable":true,"href":"https:\/\/portalcatolico.net\/portal\/wp-json\/wp\/v2\/media\/67892"}],"wp:attachment":[{"href":"https:\/\/portalcatolico.net\/portal\/wp-json\/wp\/v2\/media?parent=67891"}],"wp:term":[{"taxonomy":"category","embeddable":true,"href":"https:\/\/portalcatolico.net\/portal\/wp-json\/wp\/v2\/categories?post=67891"},{"taxonomy":"post_tag","embeddable":true,"href":"https:\/\/portalcatolico.net\/portal\/wp-json\/wp\/v2\/tags?post=67891"}],"curies":[{"name":"wp","href":"https:\/\/api.w.org\/{rel}","templated":true}]}}