{"id":67877,"date":"2019-12-31T12:49:46","date_gmt":"2019-12-31T15:49:46","guid":{"rendered":"http:\/\/portalcatolico.net\/portal\/?p=67877"},"modified":"2019-12-31T13:36:48","modified_gmt":"2019-12-31T16:36:48","slug":"pastoral-carceraria-de-itabuna-realiza-evento-natalino-para-detentos","status":"publish","type":"post","link":"https:\/\/portalcatolico.net\/portal\/pastoral-carceraria-de-itabuna-realiza-evento-natalino-para-detentos\/","title":{"rendered":"Pastoral Carcer\u00e1ria de Itabuna realiza evento natalino para detentos"},"content":{"rendered":"<p>&nbsp;A Pastoral Carcer\u00e1ria de Itabuna fez uma celebra\u00e7\u00e3o de Natal com os presos do Conjunto Penal de Itabuna, nesta segunda-feira, (30\/12) pela manh\u00e3, no p\u00e1tio dos dois grandes raios A e B. A celebra\u00e7\u00e3o natalina teve momento de ora\u00e7\u00e3o, m\u00fasicas, agradecimentos, pedidos de perd\u00e3o e preces em geral, com o objetivo de que os detentos possam falar, refletir e partilhar.<\/p>\n<p>O momento especial contou com a presen\u00e7a marcante de Hozana Viana da Comunidade de Alian\u00e7a Santa Cec\u00edlia de Itabuna(BA). Ela abrilhantou o evento tocando, cantando, pregando e espalhando amor e f\u00e9.<\/p>\n<p>Com informa\u00e7\u00f5es e fotos:Pastoral Carcer\u00e1ria\/Diocese de Itabuna<\/p>\n<p><img loading=\"lazy\" decoding=\"async\" class=\"alignnone wp-image-67879\" src=\"http:\/\/portalcatolico.net\/portal\/wp-content\/uploads\/2019\/12\/IMG-20191231-WA0002-300x300.jpg\" alt=\"\" width=\"746\" height=\"746\" srcset=\"https:\/\/portalcatolico.net\/portal\/wp-content\/uploads\/2019\/12\/IMG-20191231-WA0002-300x300.jpg 300w, https:\/\/portalcatolico.net\/portal\/wp-content\/uploads\/2019\/12\/IMG-20191231-WA0002-150x150.jpg 150w, https:\/\/portalcatolico.net\/portal\/wp-content\/uploads\/2019\/12\/IMG-20191231-WA0002-768x768.jpg 768w, https:\/\/portalcatolico.net\/portal\/wp-content\/uploads\/2019\/12\/IMG-20191231-WA0002.jpg 1024w\" sizes=\"auto, (max-width: 746px) 100vw, 746px\" \/><\/p>\n","protected":false},"excerpt":{"rendered":"<p>&nbsp;A Pastoral Carcer\u00e1ria de Itabuna fez uma celebra\u00e7\u00e3o de Natal com os presos do Conjunto Penal de Itabuna, nesta segunda-feira, (30\/12) pela manh\u00e3, no p\u00e1tio dos dois grandes raios A e B. A celebra\u00e7\u00e3o natalina teve momento de ora\u00e7\u00e3o, m\u00fasicas, agradecimentos, pedidos de perd\u00e3o e preces em geral, com o objetivo de que os detentos&nbsp;<\/p>\n<p><a class=\"btn btn-style\" href=\"https:\/\/portalcatolico.net\/portal\/pastoral-carceraria-de-itabuna-realiza-evento-natalino-para-detentos\/\">Continue Reading<\/a><\/p>\n","protected":false},"author":2,"featured_media":67878,"comment_status":"open","ping_status":"open","sticky":false,"template":"","format":"standard","meta":{"footnotes":""},"categories":[4],"tags":[],"class_list":["post-67877","post","type-post","status-publish","format-standard","has-post-thumbnail","hentry","category-destaques"],"_links":{"self":[{"href":"https:\/\/portalcatolico.net\/portal\/wp-json\/wp\/v2\/posts\/67877","targetHints":{"allow":["GET"]}}],"collection":[{"href":"https:\/\/portalcatolico.net\/portal\/wp-json\/wp\/v2\/posts"}],"about":[{"href":"https:\/\/portalcatolico.net\/portal\/wp-json\/wp\/v2\/types\/post"}],"author":[{"embeddable":true,"href":"https:\/\/portalcatolico.net\/portal\/wp-json\/wp\/v2\/users\/2"}],"replies":[{"embeddable":true,"href":"https:\/\/portalcatolico.net\/portal\/wp-json\/wp\/v2\/comments?post=67877"}],"version-history":[{"count":7,"href":"https:\/\/portalcatolico.net\/portal\/wp-json\/wp\/v2\/posts\/67877\/revisions"}],"predecessor-version":[{"id":67887,"href":"https:\/\/portalcatolico.net\/portal\/wp-json\/wp\/v2\/posts\/67877\/revisions\/67887"}],"wp:featuredmedia":[{"embeddable":true,"href":"https:\/\/portalcatolico.net\/portal\/wp-json\/wp\/v2\/media\/67878"}],"wp:attachment":[{"href":"https:\/\/portalcatolico.net\/portal\/wp-json\/wp\/v2\/media?parent=67877"}],"wp:term":[{"taxonomy":"category","embeddable":true,"href":"https:\/\/portalcatolico.net\/portal\/wp-json\/wp\/v2\/categories?post=67877"},{"taxonomy":"post_tag","embeddable":true,"href":"https:\/\/portalcatolico.net\/portal\/wp-json\/wp\/v2\/tags?post=67877"}],"curies":[{"name":"wp","href":"https:\/\/api.w.org\/{rel}","templated":true}]}}