{"id":67868,"date":"2019-12-31T23:47:49","date_gmt":"2020-01-01T02:47:49","guid":{"rendered":"http:\/\/portalcatolico.net\/portal\/?p=67868"},"modified":"2019-12-30T19:48:14","modified_gmt":"2019-12-30T22:48:14","slug":"o-novenario-e-festa-de-santa-ines-acontecem-em-janeiro-em-itabuna","status":"publish","type":"post","link":"https:\/\/portalcatolico.net\/portal\/o-novenario-e-festa-de-santa-ines-acontecem-em-janeiro-em-itabuna\/","title":{"rendered":"O noven\u00e1rio e festa de Santa In\u00eas acontecem em janeiro em Itabuna"},"content":{"rendered":"<p>Nos&nbsp;dias 10 a 19 de janeiro vai acontecer o&nbsp;Noven\u00e1rio e festa em&nbsp;honra \u00e0&nbsp; padroeira do bairro Santa In\u00eas, em Itabuna (BA).<\/p>\n<p>O tema central da festa&nbsp;\u00e9: &#8220;Senhor, que queres que eu fa\u00e7a?&#8221;. A&nbsp;celebra\u00e7\u00e3o eucar\u00edstica&nbsp; acontecer\u00e1 sempre \u00e0s 19h e logo ap\u00f3s, a santa missa, todos se confraternizam com festa de largo e a tradicional&nbsp;quermesse.<\/p>\n<p>A Par\u00f3quia Santa In\u00eas fica no bairro Santa In\u00eas, na diocese de Itabuna, no sul da Bahia, e tem como&nbsp;sacerdote&nbsp; respons\u00e1vel, o Padre Reinaldo Jacinto J\u00fanior.<\/p>\n<p>Participe!<\/p>\n","protected":false},"excerpt":{"rendered":"<p>Nos&nbsp;dias 10 a 19 de janeiro vai acontecer o&nbsp;Noven\u00e1rio e festa em&nbsp;honra \u00e0&nbsp; padroeira do bairro Santa In\u00eas, em Itabuna (BA). O tema central da festa&nbsp;\u00e9: &#8220;Senhor, que queres que eu fa\u00e7a?&#8221;. A&nbsp;celebra\u00e7\u00e3o eucar\u00edstica&nbsp; acontecer\u00e1 sempre \u00e0s 19h e logo ap\u00f3s, a santa missa, todos se confraternizam com festa de largo e a tradicional&nbsp;quermesse. A&nbsp;<\/p>\n<p><a class=\"btn btn-style\" href=\"https:\/\/portalcatolico.net\/portal\/o-novenario-e-festa-de-santa-ines-acontecem-em-janeiro-em-itabuna\/\">Continue Reading<\/a><\/p>\n","protected":false},"author":2,"featured_media":67869,"comment_status":"open","ping_status":"open","sticky":false,"template":"","format":"standard","meta":{"footnotes":""},"categories":[1],"tags":[],"class_list":["post-67868","post","type-post","status-publish","format-standard","has-post-thumbnail","hentry","category-agenda"],"_links":{"self":[{"href":"https:\/\/portalcatolico.net\/portal\/wp-json\/wp\/v2\/posts\/67868","targetHints":{"allow":["GET"]}}],"collection":[{"href":"https:\/\/portalcatolico.net\/portal\/wp-json\/wp\/v2\/posts"}],"about":[{"href":"https:\/\/portalcatolico.net\/portal\/wp-json\/wp\/v2\/types\/post"}],"author":[{"embeddable":true,"href":"https:\/\/portalcatolico.net\/portal\/wp-json\/wp\/v2\/users\/2"}],"replies":[{"embeddable":true,"href":"https:\/\/portalcatolico.net\/portal\/wp-json\/wp\/v2\/comments?post=67868"}],"version-history":[{"count":1,"href":"https:\/\/portalcatolico.net\/portal\/wp-json\/wp\/v2\/posts\/67868\/revisions"}],"predecessor-version":[{"id":67870,"href":"https:\/\/portalcatolico.net\/portal\/wp-json\/wp\/v2\/posts\/67868\/revisions\/67870"}],"wp:featuredmedia":[{"embeddable":true,"href":"https:\/\/portalcatolico.net\/portal\/wp-json\/wp\/v2\/media\/67869"}],"wp:attachment":[{"href":"https:\/\/portalcatolico.net\/portal\/wp-json\/wp\/v2\/media?parent=67868"}],"wp:term":[{"taxonomy":"category","embeddable":true,"href":"https:\/\/portalcatolico.net\/portal\/wp-json\/wp\/v2\/categories?post=67868"},{"taxonomy":"post_tag","embeddable":true,"href":"https:\/\/portalcatolico.net\/portal\/wp-json\/wp\/v2\/tags?post=67868"}],"curies":[{"name":"wp","href":"https:\/\/api.w.org\/{rel}","templated":true}]}}