{"id":67723,"date":"2019-12-20T00:21:06","date_gmt":"2019-12-20T03:21:06","guid":{"rendered":"http:\/\/portalcatolico.net\/portal\/?p=67723"},"modified":"2019-12-19T21:21:40","modified_gmt":"2019-12-20T00:21:40","slug":"participe-da-missa-em-acao-de-gracas-pelos-66-anos-da-paroquia-santa-maria-goretti-em-itabuna","status":"publish","type":"post","link":"https:\/\/portalcatolico.net\/portal\/participe-da-missa-em-acao-de-gracas-pelos-66-anos-da-paroquia-santa-maria-goretti-em-itabuna\/","title":{"rendered":"Participe da Missa em A\u00e7\u00e3o de Gra\u00e7as pelos 66 anos da Par\u00f3quia Santa Maria Goretti em Itabuna!"},"content":{"rendered":"<p>A Par\u00f3quia Santa Maria Goretti que fica situada no bairro Mangabinha, em Itabuna (BA), celebrar\u00e1 no domingo, 22 de dezembro, 66 anos de funda\u00e7\u00e3o, com uma missa em A\u00e7\u00e3o de Gra\u00e7as, \u00e0s 18h.<\/p>\n<p>Voc\u00ea e sua fam\u00edlia s\u00e3o os convidados para viverem esse momento hist\u00f3rico e especial!<\/p>\n","protected":false},"excerpt":{"rendered":"<p>A Par\u00f3quia Santa Maria Goretti que fica situada no bairro Mangabinha, em Itabuna (BA), celebrar\u00e1 no domingo, 22 de dezembro, 66 anos de funda\u00e7\u00e3o, com uma missa em A\u00e7\u00e3o de Gra\u00e7as, \u00e0s 18h. Voc\u00ea e sua fam\u00edlia s\u00e3o os convidados para viverem esse momento hist\u00f3rico e especial!<\/p>\n","protected":false},"author":2,"featured_media":67724,"comment_status":"open","ping_status":"open","sticky":false,"template":"","format":"standard","meta":{"footnotes":""},"categories":[4],"tags":[],"class_list":["post-67723","post","type-post","status-publish","format-standard","has-post-thumbnail","hentry","category-destaques"],"_links":{"self":[{"href":"https:\/\/portalcatolico.net\/portal\/wp-json\/wp\/v2\/posts\/67723","targetHints":{"allow":["GET"]}}],"collection":[{"href":"https:\/\/portalcatolico.net\/portal\/wp-json\/wp\/v2\/posts"}],"about":[{"href":"https:\/\/portalcatolico.net\/portal\/wp-json\/wp\/v2\/types\/post"}],"author":[{"embeddable":true,"href":"https:\/\/portalcatolico.net\/portal\/wp-json\/wp\/v2\/users\/2"}],"replies":[{"embeddable":true,"href":"https:\/\/portalcatolico.net\/portal\/wp-json\/wp\/v2\/comments?post=67723"}],"version-history":[{"count":1,"href":"https:\/\/portalcatolico.net\/portal\/wp-json\/wp\/v2\/posts\/67723\/revisions"}],"predecessor-version":[{"id":67725,"href":"https:\/\/portalcatolico.net\/portal\/wp-json\/wp\/v2\/posts\/67723\/revisions\/67725"}],"wp:featuredmedia":[{"embeddable":true,"href":"https:\/\/portalcatolico.net\/portal\/wp-json\/wp\/v2\/media\/67724"}],"wp:attachment":[{"href":"https:\/\/portalcatolico.net\/portal\/wp-json\/wp\/v2\/media?parent=67723"}],"wp:term":[{"taxonomy":"category","embeddable":true,"href":"https:\/\/portalcatolico.net\/portal\/wp-json\/wp\/v2\/categories?post=67723"},{"taxonomy":"post_tag","embeddable":true,"href":"https:\/\/portalcatolico.net\/portal\/wp-json\/wp\/v2\/tags?post=67723"}],"curies":[{"name":"wp","href":"https:\/\/api.w.org\/{rel}","templated":true}]}}