{"id":67720,"date":"2019-12-19T21:11:41","date_gmt":"2019-12-20T00:11:41","guid":{"rendered":"http:\/\/portalcatolico.net\/portal\/?p=67720"},"modified":"2019-12-19T21:16:00","modified_gmt":"2019-12-20T00:16:00","slug":"festa-do-nascimento-do-menino-jesus-sera-marcada-por-missas-na-catedral-em-santuarios-e-em-paroquias-da-arquidiocese-de-salvador","status":"publish","type":"post","link":"https:\/\/portalcatolico.net\/portal\/festa-do-nascimento-do-menino-jesus-sera-marcada-por-missas-na-catedral-em-santuarios-e-em-paroquias-da-arquidiocese-de-salvador\/","title":{"rendered":"Festa do nascimento do Menino Jesus ser\u00e1 marcada por Missas na Catedral, em santu\u00e1rios e em par\u00f3quias da Arquidiocese de Salvador"},"content":{"rendered":"<p>Os fi\u00e9is da Arquidiocese de Salvador j\u00e1 se preparam para celebrar a festa do nascimento do Menino Jesus. Na Catedral Bas\u00edlica, o Arcebispo de Salvador e Primaz do Brasil, Dom Murilo Krieger, presidir\u00e1 a Missa do Galo no dia 24 de dezembro, \u00e0s 18h. J\u00e1 no dia 25, \u00e0s 10h, o Arcebispo celebrar\u00e1 a Missa do Natal.<\/p>\n<p>As par\u00f3quias tamb\u00e9m celebram o nascimento do Menino de Jesus e as programa\u00e7\u00f5es podem ser conferidas nas pr\u00f3prias comunidades. Uma delas \u00e9 a Par\u00f3quia Convers\u00e3o de S\u00e3o Paulo (Fazenda Grande do Retiro), onde o bispo auxiliar Dom Marco Eug\u00eanio Galr\u00e3o Leite de Almeida presidir\u00e1 Missa \u00e0s 9h do dia 25 de dezembro. Dom Marco tamb\u00e9m celebrar\u00e1 a Missa na Festa do Titular da Par\u00f3quia Deus Menino (Engenho Velho de Brotas), no dia 25, \u00e0s 19h.<\/p>\n<p>Na Par\u00f3quia Nossa Senhora do Perp\u00e9tuo Socorro (Mata Escura), na v\u00e9spera do Natal (24) ser\u00e3o celebradas Missas \u00e0s 7h e 21h, na Matriz; \u00e0s 19h30 nas comunidades Santa Edwiges (esta presidida por Dom Marco), Santo In\u00e1cio e S\u00e3o Francisco Xavier; e \u00e0s 21h na Comunidade S\u00e3o Paulo (presidida por Dom Marco). No dia do Natal (25), a comunidade participar\u00e1 da Missa \u00e0s 9h, na Comunidade Cristo Rei.<\/p>\n<p>Na Par\u00f3quia Ressurrei\u00e7\u00e3o do Senhor (Ondina), as Missas da v\u00e9spera do Natal \u2013 24 de dezembro \u2013 ser\u00e3o celebradas na Comunidade S\u00e3o L\u00e1zaro e S\u00e3o Roque, \u00e0s 8h; na Matriz, \u00e0s 18h e 19h30; e nas comunidades Sagrado Cora\u00e7\u00e3o de Jesus (Baixa da Alegria), Imaculado Cora\u00e7\u00e3o de Maria (Alto de Ondina), Nossa Senhora dos Navegantes (Alto da Sereia) e Nossa Senhora Educadora (Col\u00e9gio ISBA), \u00e0s 19h. J\u00e1 no dia 25, as Missas acontecer\u00e3o \u00e0s 8h, na Comunidade Nossa Senhora Educadora; \u00e0s 9h30, na Comunidade S\u00e3o L\u00e1zaro e S\u00e3o Roque; e \u00e0s 18h, na Matriz.<\/p>\n<p>No bairro do Uruguai, a Par\u00f3quia Nossa Senhora dos Alagados e S\u00e3o Jo\u00e3o Paulo II tamb\u00e9m est\u00e1 com uma programa\u00e7\u00e3o especial: no dia 24 de dezembro, \u00e0s 20h, acontecer\u00e1 a Vig\u00edlia do Natal, na Matriz; e no dia 25 os fi\u00e9is participar\u00e3o da Missa do Natal, \u00e0s 9h, na Capela Nossa Senhora da Boa Esperan\u00e7a. J\u00e1 na Par\u00f3quia Nossa Senhora da Concei\u00e7\u00e3o (Lapinha) a Missa da V\u00e9spera do Natal (24) ter\u00e1 in\u00edcio \u00e0s 19h; e a Missa do Natal (25) acontecer\u00e1 \u00e0s 18h30, ambas na Matriz.<\/p>\n<p>A Solene Celebra\u00e7\u00e3o na V\u00e9spera do Natal (24) ter\u00e1 in\u00edcio \u00e0s 18h, na Matriz da Par\u00f3quia Sant\u2019Ana (Rio Vermelho). J\u00e1 no dia do Natal (25) as Missas ser\u00e3o celebradas \u00e0s 7h30 e \u00e0s 17h, no Conjunto Santa Madalena; e \u00e0s 18h na Matriz.<\/p>\n<p>O Natal do Senhor tamb\u00e9m ser\u00e1 celebrado pelos paroquianos da Par\u00f3quia S\u00e3o Marcos (Fazenda Grande 3). No dia 24 de dezembro a Missa do Galo ter\u00e1 in\u00edcio \u00e0s 20h, na Matriz; e no dia 25, tamb\u00e9m na Matriz, os fi\u00e9is participar\u00e3o da Missa \u00e0s 9h.<\/p>\n<p>Na Par\u00f3quia S\u00e3o Jo\u00e3o Evangelista (Mussurunga) a Missa da v\u00e9spera do Natal (24) ser\u00e1 na Matriz, \u00e0s 19h. J\u00e1 no dia 25 de dezembro os fi\u00e9is participar\u00e3o das Celebra\u00e7\u00f5es Eucar\u00edsticas \u00e0s 19h, na Matriz e na Comunidade Maria de Nazar\u00e9.<\/p>\n<p>A Par\u00f3quia S\u00e3o Crist\u00f3v\u00e3o (bairro S\u00e3o Crist\u00f3v\u00e3o) tamb\u00e9m celebra o nascimento de Jesus com uma programa\u00e7\u00e3o especial: no dia 24, \u00e0s 20h30, haver\u00e1 a Missa da Vig\u00edlia de Natal; e no dia 25, \u00e0s 18h30, os fi\u00e9is participar\u00e3o da Missa do Natal. Na Par\u00f3quia Nossa Senhora da Concei\u00e7\u00e3o (Itapu\u00e3) ser\u00e3o celebradas Missas no dia 24 de dezembro, \u00e0s 19h, na Matriz e na Comunidade S\u00e3o Pio. J\u00e1 no dia 25, a Celebra\u00e7\u00e3o Eucar\u00edstica ter\u00e1 in\u00edcio \u00e0s 11h, na Matriz.<\/p>\n<p>Quem mora no bairro do Imbu\u00ed poder\u00e1 participar das Missas no Santu\u00e1rio Nossa Senhora da Concei\u00e7\u00e3o Aparecida. No dia 24 as Celebra\u00e7\u00f5es Eucar\u00edsticas acontecer\u00e3o \u00e0s 18h e \u00e0s 20h. J\u00e1 na Par\u00f3quia Nossa Senhora do Resgate (Resgate) as Celebra\u00e7\u00f5es Eucar\u00edstica no dia 24 de dezembro acontecer\u00e3o \u00e0s 6h30 e 17h; e no dia 25, \u00e0s 17h, ambas na Matriz.<\/p>\n<p>Na Par\u00f3quia S\u00e3o Tiago Maior (Boca da Mata) haver\u00e1 Missa no dia 24 de dezembro, \u00e0s 19h, na Matriz; e no dia 25, tamb\u00e9m \u00e0s 19h, os fi\u00e9is celebrar\u00e3o a Solenidade do Natal. Em Sussuarana, a Par\u00f3quia S\u00e3o Daniel Comboni realizar\u00e1 a Vig\u00edlia de Natal (24), na Matriz, a partir das 20h. No dia 25 de dezembro ser\u00e3o celebradas as Missas de Natal \u00e0s 7h30 (Comunidade Santo Ant\u00f4nio) e \u00e0s 18h30 (Comunidade Divina Luz).<\/p>\n<p>Na Par\u00f3quia Sant\u00edssima Virgem Maria de Nazar\u00e9 (Cajazeiras V) a Missa da V\u00e9spera do Natal (24) ter\u00e1 in\u00edcio \u00e0s 19h, na Matriz; e no dia 25, tamb\u00e9m na Matriz, a Celebra\u00e7\u00e3o Eucar\u00edstica acontecer\u00e1 \u00e0s 19h30. J\u00e1 na Par\u00f3quia S\u00e3o Paulo Mission\u00e1rio a Missa da Noite do Natal (24) ter\u00e1 in\u00edcio \u00e0s 21h, na Matriz. Os fi\u00e9is tamb\u00e9m participar\u00e3o da Missa Solene do Natal do Senhor, no dia 25, \u00e0s 18h.<\/p>\n<p>Na Par\u00f3quia Nossa Senhora M\u00e3e da Igreja a Vig\u00edlia do Natal do Senhor, em 24 de dezembro, ser\u00e1 celebrada \u00e0s 19h na Matriz e na Comunidade Imaculado Cora\u00e7\u00e3o de Maria. J\u00e1 no dia 25, a Missa pelo nascimento de Jesus ter\u00e1 in\u00edcio \u00e0s 18h. Quem desejar, poder\u00e1 realizar um gesto concreto, por meio da doa\u00e7\u00e3o de artigos para enxovais de beb\u00ea.<\/p>\n<p>Na Par\u00f3quia Santa Clara (\u00c1guas Claras) os fi\u00e9is participar\u00e3o de Missas no dia 24, \u00e0s 18h, na Comunidade Nossa Senhora das Gra\u00e7as; e \u00e0s 20h na Matriz. J\u00e1 no dia 25 de dezembro, a Missa ter\u00e1 in\u00edcio \u00e0s 8h, na Matriz.<\/p>\n<p>Texto: Sara Gomes\/Arquidiocese de Salvador (BA)<\/p>\n","protected":false},"excerpt":{"rendered":"<p>Os fi\u00e9is da Arquidiocese de Salvador j\u00e1 se preparam para celebrar a festa do nascimento do Menino Jesus. Na Catedral Bas\u00edlica, o Arcebispo de Salvador e Primaz do Brasil, Dom Murilo Krieger, presidir\u00e1 a Missa do Galo no dia 24 de dezembro, \u00e0s 18h. J\u00e1 no dia 25, \u00e0s 10h, o Arcebispo celebrar\u00e1 a Missa&nbsp;<\/p>\n<p><a class=\"btn btn-style\" href=\"https:\/\/portalcatolico.net\/portal\/festa-do-nascimento-do-menino-jesus-sera-marcada-por-missas-na-catedral-em-santuarios-e-em-paroquias-da-arquidiocese-de-salvador\/\">Continue Reading<\/a><\/p>\n","protected":false},"author":2,"featured_media":67721,"comment_status":"open","ping_status":"open","sticky":false,"template":"","format":"standard","meta":{"footnotes":""},"categories":[1],"tags":[],"class_list":["post-67720","post","type-post","status-publish","format-standard","has-post-thumbnail","hentry","category-agenda"],"_links":{"self":[{"href":"https:\/\/portalcatolico.net\/portal\/wp-json\/wp\/v2\/posts\/67720","targetHints":{"allow":["GET"]}}],"collection":[{"href":"https:\/\/portalcatolico.net\/portal\/wp-json\/wp\/v2\/posts"}],"about":[{"href":"https:\/\/portalcatolico.net\/portal\/wp-json\/wp\/v2\/types\/post"}],"author":[{"embeddable":true,"href":"https:\/\/portalcatolico.net\/portal\/wp-json\/wp\/v2\/users\/2"}],"replies":[{"embeddable":true,"href":"https:\/\/portalcatolico.net\/portal\/wp-json\/wp\/v2\/comments?post=67720"}],"version-history":[{"count":1,"href":"https:\/\/portalcatolico.net\/portal\/wp-json\/wp\/v2\/posts\/67720\/revisions"}],"predecessor-version":[{"id":67722,"href":"https:\/\/portalcatolico.net\/portal\/wp-json\/wp\/v2\/posts\/67720\/revisions\/67722"}],"wp:featuredmedia":[{"embeddable":true,"href":"https:\/\/portalcatolico.net\/portal\/wp-json\/wp\/v2\/media\/67721"}],"wp:attachment":[{"href":"https:\/\/portalcatolico.net\/portal\/wp-json\/wp\/v2\/media?parent=67720"}],"wp:term":[{"taxonomy":"category","embeddable":true,"href":"https:\/\/portalcatolico.net\/portal\/wp-json\/wp\/v2\/categories?post=67720"},{"taxonomy":"post_tag","embeddable":true,"href":"https:\/\/portalcatolico.net\/portal\/wp-json\/wp\/v2\/tags?post=67720"}],"curies":[{"name":"wp","href":"https:\/\/api.w.org\/{rel}","templated":true}]}}