{"id":67714,"date":"2019-12-18T21:42:06","date_gmt":"2019-12-19T00:42:06","guid":{"rendered":"http:\/\/portalcatolico.net\/portal\/?p=67714"},"modified":"2019-12-18T21:46:53","modified_gmt":"2019-12-19T00:46:53","slug":"convite-cerimonia-de-ordenacao-diaconal-dos-seminaristas-da-diocese-de-itabuna","status":"publish","type":"post","link":"https:\/\/portalcatolico.net\/portal\/convite-cerimonia-de-ordenacao-diaconal-dos-seminaristas-da-diocese-de-itabuna\/","title":{"rendered":"Convite: Cerim\u00f4nia de Ordena\u00e7\u00e3o Diaconal dos Seminaristas da Diocese de Itabuna"},"content":{"rendered":"<p>A Diocese de Itabuna, no sul da Bahia, tem alegria de convidar voc\u00ea, sua&nbsp;fam\u00edlia, amigos dos seminaristas e seus familiares,&nbsp;para a Ordena\u00e7\u00e3o Diaconal dos Seminaristas: Ubiratan Tib\u00farcio Sobrinho&nbsp;(da par\u00f3quia Nossa Senhora de F\u00e1tima de Itabuna) e Diego de Oliveira&nbsp;Americano (da par\u00f3quia Santo Ant\u00f4nio da cidade de Itoror\u00f3).<br \/>\nA cerim\u00f4nia ser\u00e1 na Catedral de S\u00e3o Jos\u00e9 em Itabuna no dia 28 de&nbsp;dezembro (s\u00e1bado), \u00e0s 18h. Estejamos presentes nesse momento t\u00e3o importante na caminhada rumo ao sacerd\u00f3cio deles e para a cont\u00ednua miss\u00e3o&nbsp;na&nbsp;&nbsp;amada Diocese de Itabuna.<\/p>\n<p>Foto:Acervo\/Portal Cat\u00f3lico.Net<\/p>\n<p><img loading=\"lazy\" decoding=\"async\" class=\"wp-image-67718 aligncenter\" src=\"http:\/\/portalcatolico.net\/portal\/wp-content\/uploads\/2019\/12\/79373091_3414224651953472_3757408892879896576_n-212x300.jpg\" alt=\"\" width=\"748\" height=\"1058\" srcset=\"https:\/\/portalcatolico.net\/portal\/wp-content\/uploads\/2019\/12\/79373091_3414224651953472_3757408892879896576_n-212x300.jpg 212w, https:\/\/portalcatolico.net\/portal\/wp-content\/uploads\/2019\/12\/79373091_3414224651953472_3757408892879896576_n.jpg 591w\" sizes=\"auto, (max-width: 748px) 100vw, 748px\" \/><\/p>\n","protected":false},"excerpt":{"rendered":"<p>A Diocese de Itabuna, no sul da Bahia, tem alegria de convidar voc\u00ea, sua&nbsp;fam\u00edlia, amigos dos seminaristas e seus familiares,&nbsp;para a Ordena\u00e7\u00e3o Diaconal dos Seminaristas: Ubiratan Tib\u00farcio Sobrinho&nbsp;(da par\u00f3quia Nossa Senhora de F\u00e1tima de Itabuna) e Diego de Oliveira&nbsp;Americano (da par\u00f3quia Santo Ant\u00f4nio da cidade de Itoror\u00f3). A cerim\u00f4nia ser\u00e1 na Catedral de S\u00e3o Jos\u00e9&nbsp;<\/p>\n<p><a class=\"btn btn-style\" href=\"https:\/\/portalcatolico.net\/portal\/convite-cerimonia-de-ordenacao-diaconal-dos-seminaristas-da-diocese-de-itabuna\/\">Continue Reading<\/a><\/p>\n","protected":false},"author":2,"featured_media":67715,"comment_status":"open","ping_status":"open","sticky":false,"template":"","format":"standard","meta":{"footnotes":""},"categories":[4],"tags":[],"class_list":["post-67714","post","type-post","status-publish","format-standard","has-post-thumbnail","hentry","category-destaques"],"_links":{"self":[{"href":"https:\/\/portalcatolico.net\/portal\/wp-json\/wp\/v2\/posts\/67714","targetHints":{"allow":["GET"]}}],"collection":[{"href":"https:\/\/portalcatolico.net\/portal\/wp-json\/wp\/v2\/posts"}],"about":[{"href":"https:\/\/portalcatolico.net\/portal\/wp-json\/wp\/v2\/types\/post"}],"author":[{"embeddable":true,"href":"https:\/\/portalcatolico.net\/portal\/wp-json\/wp\/v2\/users\/2"}],"replies":[{"embeddable":true,"href":"https:\/\/portalcatolico.net\/portal\/wp-json\/wp\/v2\/comments?post=67714"}],"version-history":[{"count":3,"href":"https:\/\/portalcatolico.net\/portal\/wp-json\/wp\/v2\/posts\/67714\/revisions"}],"predecessor-version":[{"id":67719,"href":"https:\/\/portalcatolico.net\/portal\/wp-json\/wp\/v2\/posts\/67714\/revisions\/67719"}],"wp:featuredmedia":[{"embeddable":true,"href":"https:\/\/portalcatolico.net\/portal\/wp-json\/wp\/v2\/media\/67715"}],"wp:attachment":[{"href":"https:\/\/portalcatolico.net\/portal\/wp-json\/wp\/v2\/media?parent=67714"}],"wp:term":[{"taxonomy":"category","embeddable":true,"href":"https:\/\/portalcatolico.net\/portal\/wp-json\/wp\/v2\/categories?post=67714"},{"taxonomy":"post_tag","embeddable":true,"href":"https:\/\/portalcatolico.net\/portal\/wp-json\/wp\/v2\/tags?post=67714"}],"curies":[{"name":"wp","href":"https:\/\/api.w.org\/{rel}","templated":true}]}}