{"id":67687,"date":"2019-12-18T00:00:50","date_gmt":"2019-12-18T03:00:50","guid":{"rendered":"http:\/\/portalcatolico.net\/portal\/?p=67687"},"modified":"2019-12-16T20:01:58","modified_gmt":"2019-12-16T23:01:58","slug":"diocese-de-itabuna-abre-inscricoes-para-curso-de-teologia-para-leigos","status":"publish","type":"post","link":"https:\/\/portalcatolico.net\/portal\/diocese-de-itabuna-abre-inscricoes-para-curso-de-teologia-para-leigos\/","title":{"rendered":"Diocese de Itabuna abre inscri\u00e7\u00f5es para Curso de Teologia para leigos"},"content":{"rendered":"<p>A ETEL (Escola de Teologia para Leigos) abriu inscri\u00e7\u00f5es&nbsp;&nbsp;para o curso de Teologia para leigos, que tem como objetivo proporcionar uma forma\u00e7\u00e3o s\u00f3lida aos fi\u00e9is no campo doutrinal, b\u00edblico e pastoral. Com isso, os agentes de pastoral, movimentos&nbsp; t\u00eam a oportunidade de receber maior qualifica\u00e7\u00e3o para suas atividades na a\u00e7\u00e3o evangelizadora e contribuir com a miss\u00e3o da Igreja.<\/p>\n<p>A Escola de Teologia para Leigos e Leigas&nbsp; \u00e9 um \u00f3rg\u00e3o oficial de forma\u00e7\u00e3o da Diocese de Itabuna, no sul da Bahia.<br \/>\nO curso vai acontecer no Centro de Pastoral Diocesano Nossa Senhora do Perp\u00e9tuo Socorro,&nbsp;no Jardim Vit\u00f3ria, depois da SEAC.<\/p>\n<p>Para gastos com manuten\u00e7\u00e3o e alimenta\u00e7\u00e3o, o investimento ser\u00e1 de cento e sessenta reais&nbsp;com in\u00edcio das aulas do primeiro m\u00f3dulo entre 20 a 22 de mar\u00e7o.<br \/>\nO curso vai acontecer um final de semana por m\u00eas, nos seguintes dias e hor\u00e1rios: Sexta-feira, de 18h30 \u00e0s 21h;&nbsp;&nbsp;S\u00e1bado, de 07h \u00e0s 21h, e&nbsp;domingo de 07h \u00e0s 12h.<\/p>\n<p>O valor da mensalidade inclui as refei\u00e7\u00f5es completas nos 3 dias.<\/p>\n<p>Quem precisar tamb\u00e9m, tem hospedagem.<\/p>\n<p>As aulas s\u00e3o ministradas por padres, freiras, di\u00e1conos e leigos (as). Todos s\u00e3o graduados, com mestrado e doutorado.<\/p>\n<p>Voc\u00ea deve levar a seguinte documenta\u00e7\u00e3o: Xerox do RG, xerox do&nbsp;CPF, Hist\u00f3rico escolar do 2\u00b0 grau,&nbsp;1 foto 3 X 4.<\/p>\n<p>A matr\u00edcula pode ser feita no local: Centro Pastoral Diocesano &#8220;CPD&#8221;, na Par\u00f3quia Nossa Senhora Aparecida situada no bairro Calif\u00f3rnia com&nbsp; o&nbsp;Sr. Emerson, ou na Par\u00f3quia Catedral de S\u00e3o Jos\u00e9 no hor\u00e1rio comercial, com Katia Paim, na c\u00faria diocesana.<br \/>\nPara maiores informa\u00e7\u00f5es, entre em contato pelo&nbsp; telefone (73) 3211-3520 ou procure informa\u00e7\u00f5es em sua par\u00f3quia de origem.<\/p>\n<p>Informa\u00e7\u00f5es:Diocese de Itabuna (BA)<\/p>\n","protected":false},"excerpt":{"rendered":"<p>A ETEL (Escola de Teologia para Leigos) abriu inscri\u00e7\u00f5es&nbsp;&nbsp;para o curso de Teologia para leigos, que tem como objetivo proporcionar uma forma\u00e7\u00e3o s\u00f3lida aos fi\u00e9is no campo doutrinal, b\u00edblico e pastoral. Com isso, os agentes de pastoral, movimentos&nbsp; t\u00eam a oportunidade de receber maior qualifica\u00e7\u00e3o para suas atividades na a\u00e7\u00e3o evangelizadora e contribuir com a&nbsp;<\/p>\n<p><a class=\"btn btn-style\" href=\"https:\/\/portalcatolico.net\/portal\/diocese-de-itabuna-abre-inscricoes-para-curso-de-teologia-para-leigos\/\">Continue Reading<\/a><\/p>\n","protected":false},"author":2,"featured_media":67688,"comment_status":"open","ping_status":"open","sticky":false,"template":"","format":"standard","meta":{"footnotes":""},"categories":[1],"tags":[],"class_list":["post-67687","post","type-post","status-publish","format-standard","has-post-thumbnail","hentry","category-agenda"],"_links":{"self":[{"href":"https:\/\/portalcatolico.net\/portal\/wp-json\/wp\/v2\/posts\/67687","targetHints":{"allow":["GET"]}}],"collection":[{"href":"https:\/\/portalcatolico.net\/portal\/wp-json\/wp\/v2\/posts"}],"about":[{"href":"https:\/\/portalcatolico.net\/portal\/wp-json\/wp\/v2\/types\/post"}],"author":[{"embeddable":true,"href":"https:\/\/portalcatolico.net\/portal\/wp-json\/wp\/v2\/users\/2"}],"replies":[{"embeddable":true,"href":"https:\/\/portalcatolico.net\/portal\/wp-json\/wp\/v2\/comments?post=67687"}],"version-history":[{"count":2,"href":"https:\/\/portalcatolico.net\/portal\/wp-json\/wp\/v2\/posts\/67687\/revisions"}],"predecessor-version":[{"id":67690,"href":"https:\/\/portalcatolico.net\/portal\/wp-json\/wp\/v2\/posts\/67687\/revisions\/67690"}],"wp:featuredmedia":[{"embeddable":true,"href":"https:\/\/portalcatolico.net\/portal\/wp-json\/wp\/v2\/media\/67688"}],"wp:attachment":[{"href":"https:\/\/portalcatolico.net\/portal\/wp-json\/wp\/v2\/media?parent=67687"}],"wp:term":[{"taxonomy":"category","embeddable":true,"href":"https:\/\/portalcatolico.net\/portal\/wp-json\/wp\/v2\/categories?post=67687"},{"taxonomy":"post_tag","embeddable":true,"href":"https:\/\/portalcatolico.net\/portal\/wp-json\/wp\/v2\/tags?post=67687"}],"curies":[{"name":"wp","href":"https:\/\/api.w.org\/{rel}","templated":true}]}}