{"id":67654,"date":"2019-12-14T09:09:07","date_gmt":"2019-12-14T12:09:07","guid":{"rendered":"http:\/\/portalcatolico.net\/portal\/?p=67654"},"modified":"2019-12-14T09:10:30","modified_gmt":"2019-12-14T12:10:30","slug":"santa-luzia-e-celebrada-em-itabuna-2","status":"publish","type":"post","link":"https:\/\/portalcatolico.net\/portal\/santa-luzia-e-celebrada-em-itabuna-2\/","title":{"rendered":"Santa Luzia \u00e9 celebrada em Itabuna!"},"content":{"rendered":"<p>A Comunidade Santa Luzia do bairro Carlos Silva, pertencente \u00e0 Par\u00f3quia&nbsp;Santa Rita de C\u00e1ssia, em Itabuna (BA) festejou sua padroeira Santa Luzia. Os preparativos para a festa come\u00e7aram no dia&nbsp; 09 e finalizaram nesta sexta-feira, 13, dia&nbsp;dedicado \u00e0 santa.<\/p>\n<p>A celebra\u00e7\u00e3o teve como tema: &#8220;Com Santa Luzia, escolhidos e enviados em miss\u00e3o&#8221;.<br \/>\nNeste dia festivo, a festa come\u00e7ou \u00e0s 05h com a Alvorada, \u00e0s 06h teve Ter\u00e7o Mariano e \u00e0s&nbsp; 19h teve Missa Solene, com a presid\u00eancia do Pe. Frei Gilton Oliveira. Na missa, ele disse: &#8220;Santa Luzia \u00e9 luz para aquele que \u00e9 escurid\u00e3o. Essa mulher que iluminou com a sua vida, com sua a\u00e7\u00e3o, para aqueles que necessitavam.&#8221;<br \/>\nAp\u00f3s a Celebra\u00e7\u00e3o Eucar\u00edstica,&nbsp;uma multid\u00e3o de fies tomou conta de das ruas do bairro S\u00e3o Caetano, numa linda prociss\u00e3o,&nbsp;demostrando sua f\u00e9 pelas ruas, cantando e louvando com a imagem da santa. Depois, teve a Ben\u00e7\u00e3o do Sant\u00edssimo Sacramento.<br \/>\nOs convidados especiais foram todos os devotos de Santa Luzia, Pastorais, Grupos, Movimentos e a Igreja matriz de Santa Rita de C\u00e1ssia.<\/p>\n<p>Ap\u00f3s a b\u00ean\u00e7\u00e3o do Sant\u00edssimo, o frei Gilton&nbsp;Oliveira agradeceu a todos que trabalharam na organiza\u00e7\u00e3o da festa e aos&nbsp;cat\u00f3licos de outros bairros que foram louvar e agradecer a Deus.<\/p>\n<p>Confira em nossa p\u00e1gina oficial no Facebook, o \u00e1lbum de fotos do evento:&nbsp;<br \/>\n<a href=\"http:\/\/www.facebook.com\/portalcatolicooficial\">www.facebook.com\/portalcatolicooficial<\/a><\/p>\n<p>&nbsp;<\/p>\n","protected":false},"excerpt":{"rendered":"<p>A Comunidade Santa Luzia do bairro Carlos Silva, pertencente \u00e0 Par\u00f3quia&nbsp;Santa Rita de C\u00e1ssia, em Itabuna (BA) festejou sua padroeira Santa Luzia. Os preparativos para a festa come\u00e7aram no dia&nbsp; 09 e finalizaram nesta sexta-feira, 13, dia&nbsp;dedicado \u00e0 santa. A celebra\u00e7\u00e3o teve como tema: &#8220;Com Santa Luzia, escolhidos e enviados em miss\u00e3o&#8221;. Neste dia festivo,&nbsp;<\/p>\n<p><a class=\"btn btn-style\" href=\"https:\/\/portalcatolico.net\/portal\/santa-luzia-e-celebrada-em-itabuna-2\/\">Continue Reading<\/a><\/p>\n","protected":false},"author":2,"featured_media":67655,"comment_status":"open","ping_status":"open","sticky":false,"template":"","format":"standard","meta":{"footnotes":""},"categories":[68],"tags":[],"class_list":["post-67654","post","type-post","status-publish","format-standard","has-post-thumbnail","hentry","category-homilias"],"_links":{"self":[{"href":"https:\/\/portalcatolico.net\/portal\/wp-json\/wp\/v2\/posts\/67654","targetHints":{"allow":["GET"]}}],"collection":[{"href":"https:\/\/portalcatolico.net\/portal\/wp-json\/wp\/v2\/posts"}],"about":[{"href":"https:\/\/portalcatolico.net\/portal\/wp-json\/wp\/v2\/types\/post"}],"author":[{"embeddable":true,"href":"https:\/\/portalcatolico.net\/portal\/wp-json\/wp\/v2\/users\/2"}],"replies":[{"embeddable":true,"href":"https:\/\/portalcatolico.net\/portal\/wp-json\/wp\/v2\/comments?post=67654"}],"version-history":[{"count":2,"href":"https:\/\/portalcatolico.net\/portal\/wp-json\/wp\/v2\/posts\/67654\/revisions"}],"predecessor-version":[{"id":67657,"href":"https:\/\/portalcatolico.net\/portal\/wp-json\/wp\/v2\/posts\/67654\/revisions\/67657"}],"wp:featuredmedia":[{"embeddable":true,"href":"https:\/\/portalcatolico.net\/portal\/wp-json\/wp\/v2\/media\/67655"}],"wp:attachment":[{"href":"https:\/\/portalcatolico.net\/portal\/wp-json\/wp\/v2\/media?parent=67654"}],"wp:term":[{"taxonomy":"category","embeddable":true,"href":"https:\/\/portalcatolico.net\/portal\/wp-json\/wp\/v2\/categories?post=67654"},{"taxonomy":"post_tag","embeddable":true,"href":"https:\/\/portalcatolico.net\/portal\/wp-json\/wp\/v2\/tags?post=67654"}],"curies":[{"name":"wp","href":"https:\/\/api.w.org\/{rel}","templated":true}]}}