{"id":67621,"date":"2019-12-11T13:31:42","date_gmt":"2019-12-11T16:31:42","guid":{"rendered":"http:\/\/portalcatolico.net\/portal\/?p=67621"},"modified":"2019-12-11T13:59:23","modified_gmt":"2019-12-11T16:59:23","slug":"santa-luzia-e-celebrada-em-itabuna","status":"publish","type":"post","link":"https:\/\/portalcatolico.net\/portal\/santa-luzia-e-celebrada-em-itabuna\/","title":{"rendered":"Santa Luzia \u00e9 celebrada em Itabuna!"},"content":{"rendered":"<p>A comunidade de Santa Luzia tem alegria de convidar voc\u00ea e sua fam\u00edlia&nbsp;para participar da Festa de Santa Luzia, padroeira do bairro Carlos Silva na cidade de Itabuna (BA).<br \/>\nSanta Luzia tamb\u00e9m \u00e9 padroeira&nbsp; dos oftalmologistas e&nbsp; protetora da&nbsp;vis\u00e3o. Seu dia \u00e9 celebrado em 13 de dezembro porque foi nesta data no ano 304 que teve in\u00edcio a devo\u00e7\u00e3o \u00e0 Santa Luzia, primeiro na It\u00e1lia e&nbsp;depois por toda a Europa. Atualmente, ela \u00e9 conhecida como a &#8220;Santa da Vis\u00e3o&#8221;.<\/p>\n<p>Em Itabuna, est\u00e1 sendo preparada uma linda festa para homenagear a&nbsp;padroeira do bairro Carlos Silva e Capela de Santa Luzia, pertencente \u00e0 par\u00f3quia Santa Rita de C\u00e1ssia que tem como p\u00e1roco o Pe. Frei Gilton&nbsp;Oliveira, (Ordem dos Frades Menores Capuchinhos-OFMCap).<br \/>\nA comunidade fica situada no Bairro Carlos Silva, no final de linha do&nbsp;Bairro S\u00e3o Caetano.&nbsp;<\/p>\n<p>Nesta, ter\u00e7a-feira, (10\/12), \u00e0s 19h, teve in\u00edcio os preparativos,&nbsp;&nbsp;que seguem at\u00e9 sexta-feira(13).<br \/>\nPara presidir a santa missa e refletir o subtema da noite &#8220;Mission\u00e1rios atrav\u00e9s da Ora\u00e7\u00e3o e do testemunho&#8221;, o convidado&nbsp;especial foi o Pe. Frei Ivanilton Oliveira dos Santos, MsS, p\u00e1roco da&nbsp;par\u00f3quia Nossa Senhora da Piedade do bairro Maria Pinheiro em&nbsp;Itabuna. &#8220;Mission\u00e1rios atrav\u00e9s da Ora\u00e7\u00e3o e do testemunho&#8221;.<br \/>\nNa oportunidade, ele disse: &#8220;Quero agradecer esse convite de poder iniciar esse retiro espiritual, pois todo noven\u00e1rio \u00e9 uma oportunidade de fazermos um retiro espiritual. Nessa oportunidade, vamos aprofundar a Palavra de Deus&#8221;.<br \/>\nOs respons\u00e1veis da primeira noite ficaram sob a responsabilidade dos&nbsp;jovens da par\u00f3quia Santa Rita de C\u00e1ssia e das comunidades.<br \/>\nOs convidados especiais foram: Comunidade Nossa Senhora de Lourdes, Legi\u00e3o de Maria&nbsp;(Juvenil), Encontro de Jovem com Cristo &#8220;EJC&#8221;, Minist\u00e9rio Jovem da&nbsp;R.C.C, Grupo dos Coroinhas, Apostolado da Ora\u00e7\u00e3o e Pastoral da Catequese.<\/p>\n<p>Confira a programa\u00e7\u00e3o completa:<\/p>\n<p><strong>2\u00aa Noite: 11\/12\/2019 \u2013 Quarta-feira \u2013 19h<\/strong><br \/>\nSubtema: &#8220;Mission\u00e1rios por meio da Luta pela Justi\u00e7a&#8221;.<br \/>\nRespons\u00e1veis: Homens<br \/>\nConvidados: Comunidade S\u00e3o Francisco de Assis, Ter\u00e7o dos Homens, Grupo Santo Ant\u00f4nio, Grupo Pe. Pio, Grupo Bom Viver, Renova\u00e7\u00e3o Carism\u00e1tica Cat\u00f3lica &#8220;RCC&#8221;, Pastoral do Batismo, Grupo S\u00e3o Lucas e Minist\u00e9rios de M\u00fasica.<\/p>\n<p><strong>3\u00aa Noite: 12\/12\/2019 \u2013 Quinta-feira \u2013 19h<\/strong><br \/>\nSubtema: &#8220;Mission\u00e1rios atrav\u00e9s da Partilha dos Bens e dos sonhos&#8221;.<br \/>\nRespons\u00e1veis: Mulheres<br \/>\nConvidados: Comunidade S\u00e3o Paulo Ap\u00f3stolo, Legi\u00e3o de Maria, Pastoral da<br \/>\nFam\u00edlia, PASCOM-Pastoral da Comunica\u00e7\u00e3o, Pastoral do D\u00edzimo e MECE.<\/p>\n<p><strong>Dia festivo<\/strong><br \/>\n13\/12\/2019 \u2013 Sexta-feira<br \/>\n05h \u2013 Alvorada<br \/>\n06h- Ter\u00e7o Mariano<br \/>\n19h \u2013 Missa Solene, encerrando com a prociss\u00e3o&nbsp; com a imagem da santa pelas ruas do bairro e finalizando com Ben\u00e7\u00e3o do Sant\u00edssimo Sacramento.<br \/>\nConvidados especiais: Todos os devotos de Santa Luzia, Pastorais, Grupos, Movimentos e Igreja matriz de Santa Rita de C\u00e1ssia.<br \/>\nVale ressaltar que todas as noites ter\u00e3o a tradicional quermesse com&nbsp; vendas de alimentos variados.<\/p>\n<p>Confira em nossa p\u00e1gina oficial no Facebook, o \u00e1lbum de fotos do evento:&nbsp;<br \/>\n<a href=\"http:\/\/www.facebook.com\/portalcatolicooficial\">www.facebook.com\/portalcatolicooficial<\/a><\/p>\n","protected":false},"excerpt":{"rendered":"<p>A comunidade de Santa Luzia tem alegria de convidar voc\u00ea e sua fam\u00edlia&nbsp;para participar da Festa de Santa Luzia, padroeira do bairro Carlos Silva na cidade de Itabuna (BA). Santa Luzia tamb\u00e9m \u00e9 padroeira&nbsp; dos oftalmologistas e&nbsp; protetora da&nbsp;vis\u00e3o. Seu dia \u00e9 celebrado em 13 de dezembro porque foi nesta data no ano 304 que&nbsp;<\/p>\n<p><a class=\"btn btn-style\" href=\"https:\/\/portalcatolico.net\/portal\/santa-luzia-e-celebrada-em-itabuna\/\">Continue Reading<\/a><\/p>\n","protected":false},"author":2,"featured_media":67622,"comment_status":"open","ping_status":"open","sticky":false,"template":"","format":"standard","meta":{"footnotes":""},"categories":[68],"tags":[],"class_list":["post-67621","post","type-post","status-publish","format-standard","has-post-thumbnail","hentry","category-homilias"],"_links":{"self":[{"href":"https:\/\/portalcatolico.net\/portal\/wp-json\/wp\/v2\/posts\/67621","targetHints":{"allow":["GET"]}}],"collection":[{"href":"https:\/\/portalcatolico.net\/portal\/wp-json\/wp\/v2\/posts"}],"about":[{"href":"https:\/\/portalcatolico.net\/portal\/wp-json\/wp\/v2\/types\/post"}],"author":[{"embeddable":true,"href":"https:\/\/portalcatolico.net\/portal\/wp-json\/wp\/v2\/users\/2"}],"replies":[{"embeddable":true,"href":"https:\/\/portalcatolico.net\/portal\/wp-json\/wp\/v2\/comments?post=67621"}],"version-history":[{"count":3,"href":"https:\/\/portalcatolico.net\/portal\/wp-json\/wp\/v2\/posts\/67621\/revisions"}],"predecessor-version":[{"id":67625,"href":"https:\/\/portalcatolico.net\/portal\/wp-json\/wp\/v2\/posts\/67621\/revisions\/67625"}],"wp:featuredmedia":[{"embeddable":true,"href":"https:\/\/portalcatolico.net\/portal\/wp-json\/wp\/v2\/media\/67622"}],"wp:attachment":[{"href":"https:\/\/portalcatolico.net\/portal\/wp-json\/wp\/v2\/media?parent=67621"}],"wp:term":[{"taxonomy":"category","embeddable":true,"href":"https:\/\/portalcatolico.net\/portal\/wp-json\/wp\/v2\/categories?post=67621"},{"taxonomy":"post_tag","embeddable":true,"href":"https:\/\/portalcatolico.net\/portal\/wp-json\/wp\/v2\/tags?post=67621"}],"curies":[{"name":"wp","href":"https:\/\/api.w.org\/{rel}","templated":true}]}}