{"id":67563,"date":"2019-12-07T11:28:09","date_gmt":"2019-12-07T14:28:09","guid":{"rendered":"http:\/\/portalcatolico.net\/portal\/?p=67563"},"modified":"2019-12-07T11:37:24","modified_gmt":"2019-12-07T14:37:24","slug":"nossa-senhora-da-conceicao-e-celebrada-do-bairro-ferradas-em-itabuna","status":"publish","type":"post","link":"https:\/\/portalcatolico.net\/portal\/nossa-senhora-da-conceicao-e-celebrada-do-bairro-ferradas-em-itabuna\/","title":{"rendered":"Nossa Senhora da Concei\u00e7\u00e3o \u00e9 celebrada no bairro Ferradas em Itabuna"},"content":{"rendered":"<p><img loading=\"lazy\" decoding=\"async\" class=\"size-medium wp-image-67566 alignleft\" src=\"http:\/\/portalcatolico.net\/portal\/wp-content\/uploads\/2019\/12\/DSCN1135-300x225.jpg\" alt=\"\" width=\"300\" height=\"225\" srcset=\"https:\/\/portalcatolico.net\/portal\/wp-content\/uploads\/2019\/12\/DSCN1135-300x225.jpg 300w, https:\/\/portalcatolico.net\/portal\/wp-content\/uploads\/2019\/12\/DSCN1135-768x576.jpg 768w, https:\/\/portalcatolico.net\/portal\/wp-content\/uploads\/2019\/12\/DSCN1135-1024x768.jpg 1024w, https:\/\/portalcatolico.net\/portal\/wp-content\/uploads\/2019\/12\/DSCN1135.jpg 1500w\" sizes=\"auto, (max-width: 300px) 100vw, 300px\" \/>Celebra\u00e7\u00f5es&nbsp; em homenagem a Nossa Senhora da Imaculada Concei\u00e7\u00e3o \u00e9 celebrada na Diocese de Itabuna, no sul da Bahia, em tr\u00eas par\u00f3quias, duas na cidade de Itabuna e outra na cidade de Arataca, al\u00e9m de v\u00e1rias outras comunidades.<\/p>\n<p>No bairro Ferradas,&nbsp;em Itabuna (BA), na&nbsp;noite desta&nbsp;&nbsp;sexta-feira (06\/12), aconteceu a pen\u00faltima noite de retiro.&nbsp; A celebra\u00e7\u00e3o teve in\u00edcio \u00e0s 19h e foi presidida pelo Padre Ezequias Gon\u00e7alves da&nbsp;Par\u00f3quia Nossa Senhora Aparecida do bairro Calif\u00f3rnia e concelebra\u00e7\u00e3o pelo&nbsp;padre Jos\u00e9 Roberto, respons\u00e1vel pela Par\u00f3quia Nossa Senhora da Concei\u00e7\u00e3o.<\/p>\n<p>O Subtema da 8\u00aa noite foi: &#8220;&#8230;defesa da verdade&#8221;. Na homilia, Padre Ezequias disse: &#8220;Que este noven\u00e1rio seja o retiro da par\u00f3quia e \u00e9 assim que \u00e9 um noven\u00e1rio, a festa de uma padroeira ou de um padroeiro. E Nossa Senhora da Concei\u00e7\u00e3o \u00e9 um retiro espiritual da par\u00f3quia. E nesse retiro espiritual que a par\u00f3quia est\u00e1 fazendo, h\u00e1 um desejo da par\u00f3quia, h\u00e1 um desejo do padre, que \u00e9 tamb\u00e9m um pedido: deixa a luz do c\u00e9u entrar! Para que esta festa aconte\u00e7a e para que possamos viver bem um encontro pessoal com Jesus \u00e9 necess\u00e1rio que possamos abrir os nossos cora\u00e7\u00f5es e dar ao Senhor, livre acesso&#8221;.<\/p>\n<p>Os convidados foram: Os Dizimistas e benfeitores da comunidade.<br \/>\nRespons\u00e1vel pela noite: Vicentinos.<br \/>\nA noite tamb\u00e9m teve&nbsp;&nbsp;momento devocional com a Adora\u00e7\u00e3o ao Sant\u00edssimo Sacramento. E os Respons\u00e1veis foram os Ministros Extraordin\u00e1rios da Comunh\u00e3o.<\/p>\n<p>Ap\u00f3s a santa missa, teve a tradicional&nbsp;quermesse.<\/p>\n<p><strong>Confira o restante da programa\u00e7\u00e3o:<\/strong><br \/>\n9\u00aa NOITE&nbsp; \u201307.12.2019&nbsp; S\u00e1bado \u2013 \u00e0s 19:00.<br \/>\nSub-tema: &#8220;&#8230;Espiritualidade e da m\u00edstica crist\u00e3&#8221;.<br \/>\nCelebrante: Pe. Reinaldo Jacinto J\u00fanior (Par\u00f3quia Santa In\u00eas de Itabuna).<br \/>\nConvidados: Homens.<br \/>\nRespons\u00e1vel pela noite: Movimento da M\u00e3e Rainha e Pastoral do Batismo.<br \/>\n18h20 \u2013&nbsp; Momento devocional: Ter\u00e7o de Nossa Senhora \u2013 Respons\u00e1veis: Grupo dos homens do Ter\u00e7o.<\/p>\n<p><strong>DIA FESTIVO: 08 DE DEZEMBRO DE 2019 (DOMINGO).<\/strong><br \/>\n08h \u2013 Missa de inten\u00e7\u00f5es.<br \/>\n10h \u2013 Batizados.<br \/>\n12h \u2013&nbsp; Soltar fogos na casa de cada&nbsp; pessoa da comunidade.<br \/>\n15h \u2013&nbsp; Of\u00edcio de Nossa Senhora (cantado) \u2013 Comunidade S\u00e3o Paulo da cruz.<\/p>\n<p>&nbsp;16h \u2013 Prociss\u00e3o saindo de Nova Ferradas com os andores de todas as comunidades da par\u00f3quia.<br \/>\nRespons\u00e1vel pela missa: Equipe de Liturgia Paroquial.<br \/>\n18h \u2013 SANTA MISSA FESTIVA \u2013 Presidente da celebra\u00e7\u00e3o o&nbsp; bispo diocesano da diocese de Itabuna, Dom Carlos Alberto dos Santos.<br \/>\nAp\u00f3s a missa, tem Coroa\u00e7\u00e3o da Imagem de Nossa Senhora da Imaculada Concei\u00e7\u00e3o.<\/p>\n<p>Fotos:Acervo\/Portal Cat\u00f3lico.Net<\/p>\n","protected":false},"excerpt":{"rendered":"<p>Celebra\u00e7\u00f5es&nbsp; em homenagem a Nossa Senhora da Imaculada Concei\u00e7\u00e3o \u00e9 celebrada na Diocese de Itabuna, no sul da Bahia, em tr\u00eas par\u00f3quias, duas na cidade de Itabuna e outra na cidade de Arataca, al\u00e9m de v\u00e1rias outras comunidades. No bairro Ferradas,&nbsp;em Itabuna (BA), na&nbsp;noite desta&nbsp;&nbsp;sexta-feira (06\/12), aconteceu a pen\u00faltima noite de retiro.&nbsp; A celebra\u00e7\u00e3o teve&nbsp;<\/p>\n<p><a class=\"btn btn-style\" href=\"https:\/\/portalcatolico.net\/portal\/nossa-senhora-da-conceicao-e-celebrada-do-bairro-ferradas-em-itabuna\/\">Continue Reading<\/a><\/p>\n","protected":false},"author":2,"featured_media":67564,"comment_status":"open","ping_status":"open","sticky":false,"template":"","format":"standard","meta":{"footnotes":""},"categories":[68],"tags":[],"class_list":["post-67563","post","type-post","status-publish","format-standard","has-post-thumbnail","hentry","category-homilias"],"_links":{"self":[{"href":"https:\/\/portalcatolico.net\/portal\/wp-json\/wp\/v2\/posts\/67563","targetHints":{"allow":["GET"]}}],"collection":[{"href":"https:\/\/portalcatolico.net\/portal\/wp-json\/wp\/v2\/posts"}],"about":[{"href":"https:\/\/portalcatolico.net\/portal\/wp-json\/wp\/v2\/types\/post"}],"author":[{"embeddable":true,"href":"https:\/\/portalcatolico.net\/portal\/wp-json\/wp\/v2\/users\/2"}],"replies":[{"embeddable":true,"href":"https:\/\/portalcatolico.net\/portal\/wp-json\/wp\/v2\/comments?post=67563"}],"version-history":[{"count":6,"href":"https:\/\/portalcatolico.net\/portal\/wp-json\/wp\/v2\/posts\/67563\/revisions"}],"predecessor-version":[{"id":67572,"href":"https:\/\/portalcatolico.net\/portal\/wp-json\/wp\/v2\/posts\/67563\/revisions\/67572"}],"wp:featuredmedia":[{"embeddable":true,"href":"https:\/\/portalcatolico.net\/portal\/wp-json\/wp\/v2\/media\/67564"}],"wp:attachment":[{"href":"https:\/\/portalcatolico.net\/portal\/wp-json\/wp\/v2\/media?parent=67563"}],"wp:term":[{"taxonomy":"category","embeddable":true,"href":"https:\/\/portalcatolico.net\/portal\/wp-json\/wp\/v2\/categories?post=67563"},{"taxonomy":"post_tag","embeddable":true,"href":"https:\/\/portalcatolico.net\/portal\/wp-json\/wp\/v2\/tags?post=67563"}],"curies":[{"name":"wp","href":"https:\/\/api.w.org\/{rel}","templated":true}]}}