{"id":67560,"date":"2019-12-06T22:34:12","date_gmt":"2019-12-07T01:34:12","guid":{"rendered":"http:\/\/portalcatolico.net\/portal\/?p=67560"},"modified":"2019-12-06T22:34:12","modified_gmt":"2019-12-07T01:34:12","slug":"segundo-domingo-do-advento-ou-solenidade-da-imaculada-conceicao-entenda","status":"publish","type":"post","link":"https:\/\/portalcatolico.net\/portal\/segundo-domingo-do-advento-ou-solenidade-da-imaculada-conceicao-entenda\/","title":{"rendered":"Segundo domingo do Advento ou Solenidade da Imaculada Concei\u00e7\u00e3o? Entenda"},"content":{"rendered":"<p>No pr\u00f3ximo dia 8 de dezembro, um domingo, ser\u00e1 a Solenidade da Imaculada Concei\u00e7\u00e3o de Nossa Senhora. Dentro do Tempo do Advento, a Igreja no Brasil celebrar\u00e1 a solenidade mariana no lugar do 2\u00ba Domingo deste tempo lit\u00fargico. Esta peculiaridade tem gerado algumas d\u00favidas quanto \u00e0s preced\u00eancias das celebra\u00e7\u00f5es no contexto da pastoral lit\u00fargica. O assessor da Comiss\u00e3o Episcopal Pastoral para a Liturgia da Confer\u00eancia Nacional dos Bispos do Brasil (CNBB), padre Leonardo Pinheiro, ajuda a entender esta quest\u00e3o.<\/p>\n<p>A d\u00favida surge quando consultada a tabela de preced\u00eancia das celebra\u00e7\u00f5es. De acordo com o Diret\u00f3rio de Liturgia da Igreja no Brasil, \u201cse ocorrem no mesmo dia v\u00e1rias celebra\u00e7\u00f5es, celebra-se a que ocupa um lugar superior na tabela dos dias lit\u00fargicos. Se uma solenidade for impedida por algum dia lit\u00fargico que tem preced\u00eancia sobre ela, transfere-se para o dia mais pr\u00f3ximo que estiver livre\u201d.<\/p>\n<div id=\"attachment_230253\" class=\"wp-caption aligncenter\" style=\"width: 722px;\"><img loading=\"lazy\" decoding=\"async\" class=\" wp-image-230253\" src=\"https:\/\/www.cnbb.org.br\/wp-content\/uploads\/sites\/32\/2019\/12\/Pe-Leonardo-Liturgia-300x200.jpg\" srcset=\"https:\/\/www.cnbb.org.br\/wp-content\/uploads\/sites\/32\/2019\/12\/Pe-Leonardo-Liturgia-300x200.jpg 300w, https:\/\/www.cnbb.org.br\/wp-content\/uploads\/sites\/32\/2019\/12\/Pe-Leonardo-Liturgia-1024x683.jpg 1024w, https:\/\/www.cnbb.org.br\/wp-content\/uploads\/sites\/32\/2019\/12\/Pe-Leonardo-Liturgia-768x512.jpg 768w, https:\/\/www.cnbb.org.br\/wp-content\/uploads\/sites\/32\/2019\/12\/Pe-Leonardo-Liturgia.jpg 1092w\" alt=\"\" width=\"722\" height=\"481\" aria-describedby=\"caption-attachment-230253\"><\/p>\n<p id=\"caption-attachment-230253\" class=\"wp-caption-text\"><em>Padre Leonardo Pinheiro mostra a orienta\u00e7\u00e3o no Missal | Foto: CNBB\/Luiz Lopes Jr<\/em><\/p>\n<\/div>\n<p>\u201cNa tabela de preced\u00eancias das celebra\u00e7\u00f5es, contida nas \u2018Normas Universais do Ano Lit\u00fargico e Calend\u00e1rio Romano Geral\u2019, n\u00famero 59, o domingo do Advento tem preced\u00eancia em rela\u00e7\u00e3o \u00e0s Solenidades e este \u00e9 o motivo da d\u00favida\u201d, conta padre Leonardo.<\/p>\n<p>Mas a resposta est\u00e1 na p\u00e1gina 715 do Missal Romano, indica o assessor. Ali, j\u00e1 no topo da p\u00e1gina, se encontra a explica\u00e7\u00e3o do porqu\u00ea, mesmo no domingo do Advento, se celebra a Solenidade da Imaculada Concei\u00e7\u00e3o de Maria:<\/p>\n<p>\u201cNo Brasil, por determina\u00e7\u00e3o da CNBB e autoriza\u00e7\u00e3o da Santa S\u00e9, esta solenidade \u00e9 sempre celebrada no dia 8 de dezembro, mesmo que este dia seja Domingo do Tempo do Advento\u201d.<\/p>\n<p><strong>Resgate hist\u00f3rico<\/strong><br \/>\nEsta determina\u00e7\u00e3o por parte da Confer\u00eancia dos Bispos do Brasil se deu por decis\u00e3o da 13\u00aa Assembleia Geral da entidade. Na ocasi\u00e3o, os bispos votaram a favor da celebra\u00e7\u00e3o da Solenidade sempre no dia 8 de dezembro. Em fevereiro de 1973, o ent\u00e3o presidente da CNBB, dom Alo\u00edsio Lorscheider, recebeu o comunicado do secret\u00e1rio da Congrega\u00e7\u00e3o para o Culto Divino, dom Annibale Bugnini, autorizando a manuten\u00e7\u00e3o da celebra\u00e7\u00e3o na tradicional data por meio da aprova\u00e7\u00e3o em assembleia.<\/p>\n<p><strong>Devo\u00e7\u00e3o popular<\/strong><br \/>\nA festa da Imaculada Concei\u00e7\u00e3o \u00e9 uma das festas marianas mais populares no Brasil. Este foi um dos motivos justificados para a celebra\u00e7\u00e3o no dia 8 de dezembro. Nos registros da CNBB tamb\u00e9m est\u00e1 elencado o outro argumento que favoreceu a escolha: \u201co Mist\u00e9rio da Imaculada Concei\u00e7\u00e3o est\u00e1 profundamente ligado ao mist\u00e9rio do Natal\u201d, explica padre Leonardo.<\/p>\n<blockquote><p>\u201c<em>Neste ano, a festa da Imaculada Concei\u00e7\u00e3o cai em Domingo do Advento. Conforme as rubricas, deve ser antecipada para o s\u00e1bado precedente. Atendendo \u00e0s dificuldades pastorais causadas por esta transfer\u00eancia, a Sagrada Congrega\u00e7\u00e3o para o culto Divino escreveu ao Presidente da CNBB acenando com a possibilidade de manter a festa da Imaculada no Domingo, caso fosse esse o parecer da Confer\u00eancia Episcopal. Ora, considerando que o mist\u00e9rio da Imaculada Concei\u00e7\u00e3o se relaciona com o tempo do Advento (prepara\u00e7\u00e3o da vida do Messias), considerando que no Brasil a festa tem grande resson\u00e2ncia popular, estando o povo habituado a celebr\u00e1-la no dia 8, tendo mesmo obtido que em numerosos lugares o dia 8 fosse feriado civil<\/em>\u201d, l\u00ea-se no documento da d\u00e9cada de 1970.<\/p><\/blockquote>\n<p>A Solenidade da Imaculada Concei\u00e7\u00e3o \u00e9 celebrada desde o s\u00e9culo XI e est\u00e1 inserida no contexto do Advento-Natal, \u201cunindo a espera messi\u00e2nica e o retorno glorioso de Cristo com a admir\u00e1vel mem\u00f3ria da M\u00e3e\u201d, explica o Missal Romano. O dogma da Imaculada Concei\u00e7\u00e3o foi proclamado pelo Papa Pio IX, em 1854.<\/p>\n<p>&nbsp;<\/p>\n<blockquote class=\"wp-embedded-content\"><p><a href=\"https:\/\/www.cnbb.org.br\/imaculada-conceicao-maria-e-celebrada-como-modelo-de-virtude-nesta-festa-de-devocao-nacional\/\">Imaculada Concei\u00e7\u00e3o: Maria \u00e9 celebrada como modelo de virtude nesta festa de devo\u00e7\u00e3o nacional<\/a><\/p>\n<p>CNBB<\/p><\/blockquote>\n","protected":false},"excerpt":{"rendered":"<p>No pr\u00f3ximo dia 8 de dezembro, um domingo, ser\u00e1 a Solenidade da Imaculada Concei\u00e7\u00e3o de Nossa Senhora. Dentro do Tempo do Advento, a Igreja no Brasil celebrar\u00e1 a solenidade mariana no lugar do 2\u00ba Domingo deste tempo lit\u00fargico. Esta peculiaridade tem gerado algumas d\u00favidas quanto \u00e0s preced\u00eancias das celebra\u00e7\u00f5es no contexto da pastoral lit\u00fargica. O&nbsp;<\/p>\n<p><a class=\"btn btn-style\" href=\"https:\/\/portalcatolico.net\/portal\/segundo-domingo-do-advento-ou-solenidade-da-imaculada-conceicao-entenda\/\">Continue Reading<\/a><\/p>\n","protected":false},"author":2,"featured_media":67561,"comment_status":"open","ping_status":"open","sticky":false,"template":"","format":"standard","meta":{"footnotes":""},"categories":[3],"tags":[],"class_list":["post-67560","post","type-post","status-publish","format-standard","has-post-thumbnail","hentry","category-noticias_regionais"],"_links":{"self":[{"href":"https:\/\/portalcatolico.net\/portal\/wp-json\/wp\/v2\/posts\/67560","targetHints":{"allow":["GET"]}}],"collection":[{"href":"https:\/\/portalcatolico.net\/portal\/wp-json\/wp\/v2\/posts"}],"about":[{"href":"https:\/\/portalcatolico.net\/portal\/wp-json\/wp\/v2\/types\/post"}],"author":[{"embeddable":true,"href":"https:\/\/portalcatolico.net\/portal\/wp-json\/wp\/v2\/users\/2"}],"replies":[{"embeddable":true,"href":"https:\/\/portalcatolico.net\/portal\/wp-json\/wp\/v2\/comments?post=67560"}],"version-history":[{"count":1,"href":"https:\/\/portalcatolico.net\/portal\/wp-json\/wp\/v2\/posts\/67560\/revisions"}],"predecessor-version":[{"id":67562,"href":"https:\/\/portalcatolico.net\/portal\/wp-json\/wp\/v2\/posts\/67560\/revisions\/67562"}],"wp:featuredmedia":[{"embeddable":true,"href":"https:\/\/portalcatolico.net\/portal\/wp-json\/wp\/v2\/media\/67561"}],"wp:attachment":[{"href":"https:\/\/portalcatolico.net\/portal\/wp-json\/wp\/v2\/media?parent=67560"}],"wp:term":[{"taxonomy":"category","embeddable":true,"href":"https:\/\/portalcatolico.net\/portal\/wp-json\/wp\/v2\/categories?post=67560"},{"taxonomy":"post_tag","embeddable":true,"href":"https:\/\/portalcatolico.net\/portal\/wp-json\/wp\/v2\/tags?post=67560"}],"curies":[{"name":"wp","href":"https:\/\/api.w.org\/{rel}","templated":true}]}}