{"id":67558,"date":"2019-12-08T00:26:07","date_gmt":"2019-12-08T03:26:07","guid":{"rendered":"http:\/\/portalcatolico.net\/portal\/?p=67558"},"modified":"2019-12-06T22:26:26","modified_gmt":"2019-12-07T01:26:26","slug":"8-de-dezembro-dia-de-celebrar-nossa-senhora-da-conceicao","status":"publish","type":"post","link":"https:\/\/portalcatolico.net\/portal\/8-de-dezembro-dia-de-celebrar-nossa-senhora-da-conceicao\/","title":{"rendered":"8 de dezembro: dia de celebrar Nossa Senhora da Concei\u00e7\u00e3o!"},"content":{"rendered":"<p>Hoje, 08 de dezembro, celebra-se&nbsp; a Solenidade de Nossa Senhora da Imaculada Concei\u00e7\u00e3o.<br \/>\nNeste dia, a Igreja cat\u00f3lica Apost\u00f3lica Romana em todo o continente, homenageia a Imaculada Concei\u00e7\u00e3o da Sant\u00edssima Virgem Maria, o dogma de f\u00e9 segundo o qual a M\u00e3e do Jesus foi preservada do pecado desde o momento de sua concep\u00e7\u00e3o, ou seja, desde o instante em que come\u00e7ou sua vida humana.<\/p>\n<p>Em 8 de dezembro de 1854, o Papa Pio IX, depois de receber in\u00fameros pedidos de bispos e fi\u00e9is de todo o mundo, ante mais de 200 cardeais, bispos, embaixadores e milhares de fi\u00e9is cat\u00f3licos, declarou com sua bula &#8220;Ineffabilis Deus&#8221;: &#8220;A doutrina que sustenta que a beat\u00edssima Virgem Maria, no primeiro instante de sua concei\u00e7\u00e3o, por singular gra\u00e7a e privil\u00e9gio do Deus onipotente, em vista dos m\u00e9ritos de Jesus Cristo, Salvador do g\u00eanero humano, foi preservada imune de toda mancha da culpa original, \u00e9 revelada por Deus e por isso deve ser crida firme e constantemente por todos os fi\u00e9is&#8221;.<br \/>\nEm Roma, enviou-se uma grande quantidade de pombas mensageiras em todas as dire\u00e7\u00f5es levando a grande not\u00edcia. E nos 400 mil templos cat\u00f3licos do mundo celebraram-se grandes festas em honra da Imaculada Concei\u00e7\u00e3o da Virgem Maria.<\/p>\n<p>Antes mesmo da publica\u00e7\u00e3o desta bula, em 1830, a Virgem Maria havia aparecido a Santa Catarina Labour\u00e9, na Fran\u00e7a, pedindo que se cunhasse uma medalha com a ora\u00e7\u00e3o: &#8220;\u00d3 Maria concebida sem pecado, rogai por n\u00f3s que recorremos a v\u00f3s&#8221;.<br \/>\nAnos depois da &#8220;Ineffabilis Deus&#8221;, em 1858, em uma de suas apari\u00e7\u00f5es em Lourdes, na Fran\u00e7a, Nossa Senhora se apresentou diante da humilde Santa Bernardette&nbsp; Soubirous com estas palavras: &#8220;Eu sou a Imaculada Concei\u00e7\u00e3o&#8221;.<br \/>\nAtualmente s\u00e3o milhares as Igrejas dedicadas a este t\u00edtulo de Nossa Senhora em todo mundo e milh\u00f5es de fi\u00e9is t\u00eam uma particular devo\u00e7\u00e3o a Ela.<\/p>\n<p>Em 2013, por ocasi\u00e3o desta solenidade, o Papa Francisco se dirigiu at\u00e9 a Pra\u00e7a de Espanha, no centro de Roma, e depositou flores aos p\u00e9s&nbsp; da imagem de Nossa Senhora colocada ali em 1870, para celebrar a proclama\u00e7\u00e3o do dogma da Imaculada Concei\u00e7\u00e3o. Diante da Virgem, proclamou a seguinte ora\u00e7\u00e3o:Virgem Santa e Imaculada, a Ti, que \u00e9s a honra do nosso povo, e a defensora atenta da nossa cidade, nos dirigimos com confian\u00e7a e amor.<br \/>\nTu \u00e9s a Toda Bela, \u00f3 Maria! Em Ti n\u00e3o h\u00e1 pecado.<\/p>\n<p>Suscita em todos n\u00f3s um renovado desejo de santidade:brilhe na nossa palavra o esplendor da caridade,habitem no nosso corpo pureza e castidade,torne-se presente na nossa vida toda a beleza do Evangelho.Tu \u00e9s a Toda Bela, \u00f3 Maria! Em Ti se fez carne a Palavra de Deus.<\/p>\n<p>Ajuda-nos a permanecer na escuta atenta da voz do Senhor:nunca nos deixe indiferentes ao grito dos pobres,n\u00e3o nos encontre distra\u00eddos o sofrimento dos doentes e dos carecidos,comovam-nos a solid\u00e3o dos idosos e a fragilidade das crian\u00e7as,seja sempre amada e venerada por todos n\u00f3s cada vida humana.<br \/>\nTu \u00e9s a Toda Bela, \u00f3 Maria! Em Ti, a alegria plena da vida bem-aventurada, com Deus Faz com que n\u00e3o percamos o significado do nosso caminho terreno,ilumine os nossos dias a luz gentil da f\u00e9,oriente os nossos passos a for\u00e7a consoladora da esperan\u00e7a, anime o nosso cora\u00e7\u00e3o o calor contagioso do amor permane\u00e7am os olhos de todos n\u00f3s bem fixos em Deus, onde se encontra a verdadeira alegria.<\/p>\n<p>Foto:Acervo\/Portal Cat\u00f3lico.Net<\/p>\n","protected":false},"excerpt":{"rendered":"<p>Hoje, 08 de dezembro, celebra-se&nbsp; a Solenidade de Nossa Senhora da Imaculada Concei\u00e7\u00e3o. Neste dia, a Igreja cat\u00f3lica Apost\u00f3lica Romana em todo o continente, homenageia a Imaculada Concei\u00e7\u00e3o da Sant\u00edssima Virgem Maria, o dogma de f\u00e9 segundo o qual a M\u00e3e do Jesus foi preservada do pecado desde o momento de sua concep\u00e7\u00e3o, ou seja,&nbsp;<\/p>\n<p><a class=\"btn btn-style\" href=\"https:\/\/portalcatolico.net\/portal\/8-de-dezembro-dia-de-celebrar-nossa-senhora-da-conceicao\/\">Continue Reading<\/a><\/p>\n","protected":false},"author":2,"featured_media":67522,"comment_status":"open","ping_status":"open","sticky":false,"template":"","format":"standard","meta":{"footnotes":""},"categories":[69],"tags":[],"class_list":["post-67558","post","type-post","status-publish","format-standard","has-post-thumbnail","hentry","category-artigos"],"_links":{"self":[{"href":"https:\/\/portalcatolico.net\/portal\/wp-json\/wp\/v2\/posts\/67558","targetHints":{"allow":["GET"]}}],"collection":[{"href":"https:\/\/portalcatolico.net\/portal\/wp-json\/wp\/v2\/posts"}],"about":[{"href":"https:\/\/portalcatolico.net\/portal\/wp-json\/wp\/v2\/types\/post"}],"author":[{"embeddable":true,"href":"https:\/\/portalcatolico.net\/portal\/wp-json\/wp\/v2\/users\/2"}],"replies":[{"embeddable":true,"href":"https:\/\/portalcatolico.net\/portal\/wp-json\/wp\/v2\/comments?post=67558"}],"version-history":[{"count":1,"href":"https:\/\/portalcatolico.net\/portal\/wp-json\/wp\/v2\/posts\/67558\/revisions"}],"predecessor-version":[{"id":67559,"href":"https:\/\/portalcatolico.net\/portal\/wp-json\/wp\/v2\/posts\/67558\/revisions\/67559"}],"wp:featuredmedia":[{"embeddable":true,"href":"https:\/\/portalcatolico.net\/portal\/wp-json\/wp\/v2\/media\/67522"}],"wp:attachment":[{"href":"https:\/\/portalcatolico.net\/portal\/wp-json\/wp\/v2\/media?parent=67558"}],"wp:term":[{"taxonomy":"category","embeddable":true,"href":"https:\/\/portalcatolico.net\/portal\/wp-json\/wp\/v2\/categories?post=67558"},{"taxonomy":"post_tag","embeddable":true,"href":"https:\/\/portalcatolico.net\/portal\/wp-json\/wp\/v2\/tags?post=67558"}],"curies":[{"name":"wp","href":"https:\/\/api.w.org\/{rel}","templated":true}]}}