{"id":67470,"date":"2019-11-30T21:17:11","date_gmt":"2019-12-01T00:17:11","guid":{"rendered":"http:\/\/portalcatolico.net\/portal\/?p=67470"},"modified":"2019-11-30T21:17:11","modified_gmt":"2019-12-01T00:17:11","slug":"itabunenses-celebram-nossa-senhora-da-conceicao","status":"publish","type":"post","link":"https:\/\/portalcatolico.net\/portal\/itabunenses-celebram-nossa-senhora-da-conceicao\/","title":{"rendered":"Itabunenses celebram Nossa Senhora da Concei\u00e7\u00e3o!"},"content":{"rendered":"<p>Come\u00e7ou ontem, dia 29, as celebra\u00e7\u00f5es em homenagem \u00e0 Nossa Senhora da Concei\u00e7\u00e3o, em Itabuna (BA), com o tema &#8220;Com Maria somos chamados a praticar \u00e0s virtudes crist\u00e3s&#8221;.<\/p>\n<p>As festividades v\u00e3o at\u00e9 o dia 8 de dezembro, com&nbsp;missas todos os dias, \u00e0s 19h, e logo ap\u00f3s a santa missa, tem a tradicional&nbsp;quermesse com comidas variadas e som ao vivo. Participe desse&nbsp;lindo momento de f\u00e9 e devo\u00e7\u00e3o \u00e0&nbsp;&nbsp;querida padroeira.<\/p>\n<p>Vale ressaltar que a diocese de Itabuna tem mais duas par\u00f3quias que est\u00e3o homenageado Nossa Senhora da Concei\u00e7\u00e3o: uma na cidade de Arataca e a outra, no bairro Ferradas, em Itabuna.<\/p>\n","protected":false},"excerpt":{"rendered":"<p>Come\u00e7ou ontem, dia 29, as celebra\u00e7\u00f5es em homenagem \u00e0 Nossa Senhora da Concei\u00e7\u00e3o, em Itabuna (BA), com o tema &#8220;Com Maria somos chamados a praticar \u00e0s virtudes crist\u00e3s&#8221;. As festividades v\u00e3o at\u00e9 o dia 8 de dezembro, com&nbsp;missas todos os dias, \u00e0s 19h, e logo ap\u00f3s a santa missa, tem a tradicional&nbsp;quermesse com comidas variadas&nbsp;<\/p>\n<p><a class=\"btn btn-style\" href=\"https:\/\/portalcatolico.net\/portal\/itabunenses-celebram-nossa-senhora-da-conceicao\/\">Continue Reading<\/a><\/p>\n","protected":false},"author":2,"featured_media":67471,"comment_status":"open","ping_status":"open","sticky":false,"template":"","format":"standard","meta":{"footnotes":""},"categories":[1],"tags":[],"class_list":["post-67470","post","type-post","status-publish","format-standard","has-post-thumbnail","hentry","category-agenda"],"_links":{"self":[{"href":"https:\/\/portalcatolico.net\/portal\/wp-json\/wp\/v2\/posts\/67470","targetHints":{"allow":["GET"]}}],"collection":[{"href":"https:\/\/portalcatolico.net\/portal\/wp-json\/wp\/v2\/posts"}],"about":[{"href":"https:\/\/portalcatolico.net\/portal\/wp-json\/wp\/v2\/types\/post"}],"author":[{"embeddable":true,"href":"https:\/\/portalcatolico.net\/portal\/wp-json\/wp\/v2\/users\/2"}],"replies":[{"embeddable":true,"href":"https:\/\/portalcatolico.net\/portal\/wp-json\/wp\/v2\/comments?post=67470"}],"version-history":[{"count":1,"href":"https:\/\/portalcatolico.net\/portal\/wp-json\/wp\/v2\/posts\/67470\/revisions"}],"predecessor-version":[{"id":67472,"href":"https:\/\/portalcatolico.net\/portal\/wp-json\/wp\/v2\/posts\/67470\/revisions\/67472"}],"wp:featuredmedia":[{"embeddable":true,"href":"https:\/\/portalcatolico.net\/portal\/wp-json\/wp\/v2\/media\/67471"}],"wp:attachment":[{"href":"https:\/\/portalcatolico.net\/portal\/wp-json\/wp\/v2\/media?parent=67470"}],"wp:term":[{"taxonomy":"category","embeddable":true,"href":"https:\/\/portalcatolico.net\/portal\/wp-json\/wp\/v2\/categories?post=67470"},{"taxonomy":"post_tag","embeddable":true,"href":"https:\/\/portalcatolico.net\/portal\/wp-json\/wp\/v2\/tags?post=67470"}],"curies":[{"name":"wp","href":"https:\/\/api.w.org\/{rel}","templated":true}]}}