{"id":67405,"date":"2019-11-23T13:45:16","date_gmt":"2019-11-23T16:45:16","guid":{"rendered":"http:\/\/portalcatolico.net\/portal\/?p=67405"},"modified":"2019-11-23T14:12:17","modified_gmt":"2019-11-23T17:12:17","slug":"confira-a-programacao-das-celebracoes-em-homenagem-a-santa-cecilia-em-itabuna","status":"publish","type":"post","link":"https:\/\/portalcatolico.net\/portal\/confira-a-programacao-das-celebracoes-em-homenagem-a-santa-cecilia-em-itabuna\/","title":{"rendered":"Confira a programa\u00e7\u00e3o das celebra\u00e7\u00f5es em homenagem a Santa Cec\u00edlia em Itabuna"},"content":{"rendered":"<p><img loading=\"lazy\" decoding=\"async\" class=\"size-medium wp-image-67415 alignleft\" src=\"http:\/\/portalcatolico.net\/portal\/wp-content\/uploads\/2019\/11\/DSCN0984-300x225.jpg\" alt=\"\" width=\"300\" height=\"225\" srcset=\"https:\/\/portalcatolico.net\/portal\/wp-content\/uploads\/2019\/11\/DSCN0984-300x225.jpg 300w, https:\/\/portalcatolico.net\/portal\/wp-content\/uploads\/2019\/11\/DSCN0984-768x576.jpg 768w, https:\/\/portalcatolico.net\/portal\/wp-content\/uploads\/2019\/11\/DSCN0984-1024x768.jpg 1024w, https:\/\/portalcatolico.net\/portal\/wp-content\/uploads\/2019\/11\/DSCN0984.jpg 1500w\" sizes=\"auto, (max-width: 300px) 100vw, 300px\" \/>A Igreja Cat\u00f3lica Apost\u00f3lica Romana celebrou neste dia 22 de novembro a&nbsp;mem\u00f3ria lit\u00fargica de Santa Cec\u00edlia, uma das m\u00e1rtires dos primeiros s\u00e9culos mais venerada pelos crist\u00e3os no mundo. Santa Cec\u00edlia, tamb\u00e9m \u00e9 a&nbsp;padroeira dos m\u00fasicos. Na cidade de Itabuna, a comunidade de Alian\u00e7a Santa Cecilia (CASC) tem a santa como sua padroeira. Os preparativos&nbsp;da celebra\u00e7\u00e3o&nbsp;tiveram in\u00edcio no dia 18 e finaliza neste domingo,24, com o dia especial e&nbsp; dedicado s\u00f3 para as mulheres de Itabuna.<br \/>\nO tema central da festa \u00e9: &#8220;Com Santa Cecilia, somos enviados em&nbsp;miss\u00e3o&#8221;.<br \/>\nNesta Sexta-feira (22), \u00e0s 19h30, aconteceu uma carreata saindo da&nbsp;Par\u00f3quia Santa Maria Goretti, percorrendo v\u00e1rias ruas do bairro Mangabinha at\u00e9 a comunidade. Teve muitos fogos na chegada da imagem da santa. E \u00e0s 20h, teve a santa missa presidida pelo bispo da diocese de Itabuna, dom Carlos Alberto dos Santos. Antes da celebra\u00e7\u00e3o&nbsp;da palavra, foi aben\u00e7oado pelo bispo o &#8220;Amb\u00e3o&#8221; e ap\u00f3s a homilia do Senhor bispo,&nbsp;foi a vez do rito solene da mesa da santa eucaristia a ser&nbsp;aben\u00e7oa e incensada.<br \/>\nO subtema refletido da noite foi: &#8220;Pedir ao Senhor&nbsp; da Messe que mande&nbsp;mais trabalhadores&nbsp; para a colheita&#8221;<\/p>\n<p>Na homilia, Dom Carlos disse: &#8220;Estamos aqui mais uma vez celebrando a Festa de Santa Cec\u00edlia. Como ela, tamb\u00e9m hoje, n\u00f3s precisamos rezar para que o Senhor mande oper\u00e1rios para a sua messe. E queremos, pois, agradecer a Deus por este momento mais bonito em que celebramos a festa dela, que tamb\u00e9m foi uma das preferidas de Deus, uma das escolhidas por Deus para servir \u00e0 Igreja, para amar a Igreja!&#8221;<br \/>\nOs convidados especiais foram: Benfeitores e Colaboradores CASC, Irm\u00e3s&nbsp;Auxiliadoras, Minist\u00e9rio de M\u00fasica, Comunidades: Rainha da Paz, Filhos de Israel, caminhando com Cristo, MEFA, Comunidade de Maria, Comunidade&nbsp;de santo Ant\u00f4nio de Itamarac\u00e1, Grupo de Ora\u00e7\u00e3o Resgate do Amor.<br \/>\nCanto da missa: Minist\u00e9rio de M\u00fasica Santa Cecilia (CASC)&nbsp;Gesto concreto: Colabora\u00e7\u00e3o em esp\u00e9cie ( a ser revertido em prol dos trabalhos da Comunidade de Alian\u00e7a Santa Cecilia&#8221;CASC&#8221;).<\/p>\n<p><strong>Confira a programa\u00e7\u00e3o at\u00e9 domingo, dia 24:<\/strong><\/p>\n<p><strong>S\u00e1bado-23\/11\/2019<\/strong><br \/>\nSubtema: &#8221; O Espirito Santo \u00e9 o protagonista de toda miss\u00e3o da Igreja&#8221;<br \/>\n14h: Tarde de lazer com as crian\u00e7as<br \/>\nConvidados: Crian\u00e7as da Catequese (Par\u00f3quia Santa Maria Goretti) e comunidades em geral<br \/>\nRespons\u00e1veis\/Anima\u00e7\u00e3o: Pastoral da Catequese&nbsp; da Par\u00f3quia Santa Maria Goretti e CASC(Palha\u00e7o Betinho e Min. M\u00fasica)<br \/>\n19h: Santa Missa-Pres. Pe.Junior (Par\u00f3quia Santa In\u00eas)<br \/>\n20h: M\u00fasica ao vivo e quermesse<br \/>\nConvidados: EJC, Escalada, PJ, Minist\u00e9rio Jovem, RCC, Legi\u00e3o de Maria Jovem (Par\u00f3quia Santo Ant\u00f4nio(Pastoral Familiar, M\u00e3e Peregrina, MOJAC, Grupo de Ora\u00e7\u00e3o Jo\u00e3o Paulo II, comunidade S\u00e3o Louren\u00e7o, Comunidade Santo Expedito, Pia Uni\u00e3o e Pastoral do Batismo.<br \/>\nRespons\u00e1veis: Minist\u00e9rio de M\u00fasica CASC<\/p>\n<p><strong>Domingo-24\/11\/2019<\/strong><br \/>\nSubtema: &#8220;Eu sou do meu amado, e o meu amado \u00e9 meu&#8221;(C\u00e2nt. 6,3\u00aa)<br \/>\n08h30 e \u00e0s 17h: Encontro de &#8220;Mulheres Amadas do Amado&#8221;<br \/>\nPrega\u00e7\u00e3o e condu\u00e7\u00e3o: Telma (RCC de Teixeira de Freitas \/Caravelas) e Pe. Tony Val\u00e9rio<br \/>\n12h: Almo\u00e7o das amadas do Amado<br \/>\n15h30: Santa Missa com o Pe. Tony Val\u00e9rio (Par\u00f3quia Santa Maria Madalena)<br \/>\n18h: Partilha do tradicional bolo de anivers\u00e1rio<br \/>\nConvidados: Todas as mulheres da cidade de Itabuna<br \/>\nRespons\u00e1veis: Comunidade de alian\u00e7a&nbsp; e vida Santa Cecilia-CASC<\/p>\n<p>Todos os&nbsp;eventos da festa ser\u00e3o no sal\u00e3o de eventos&nbsp; da Comunidade Santa Cec\u00edlia, que est\u00e1 localizado na Rua P. 18B-Alto da Lua no bairro Mangabinha na cidade e diocese de Itabuna, no sul da Bahia (ao lado do antigo&nbsp; Convento&nbsp;dos Passionistas).<br \/>\nA Comunidade&nbsp; Santa Cecilia tem como fundadora Maria Hosana Viana dos Santos.<\/p>\n<p>Fotos:Acervo\/Portal Cat\u00f3lico.Net<\/p>\n<p><img loading=\"lazy\" decoding=\"async\" class=\"alignnone size-medium wp-image-67411\" src=\"http:\/\/portalcatolico.net\/portal\/wp-content\/uploads\/2019\/11\/DSCN0961-300x225.jpg\" alt=\"\" width=\"300\" height=\"225\" srcset=\"https:\/\/portalcatolico.net\/portal\/wp-content\/uploads\/2019\/11\/DSCN0961-300x225.jpg 300w, https:\/\/portalcatolico.net\/portal\/wp-content\/uploads\/2019\/11\/DSCN0961-768x576.jpg 768w, https:\/\/portalcatolico.net\/portal\/wp-content\/uploads\/2019\/11\/DSCN0961-1024x768.jpg 1024w, https:\/\/portalcatolico.net\/portal\/wp-content\/uploads\/2019\/11\/DSCN0961.jpg 1500w\" sizes=\"auto, (max-width: 300px) 100vw, 300px\" \/> <img loading=\"lazy\" decoding=\"async\" class=\"alignnone size-medium wp-image-67412\" src=\"http:\/\/portalcatolico.net\/portal\/wp-content\/uploads\/2019\/11\/DSCN0963-300x225.jpg\" alt=\"\" width=\"300\" height=\"225\" srcset=\"https:\/\/portalcatolico.net\/portal\/wp-content\/uploads\/2019\/11\/DSCN0963-300x225.jpg 300w, https:\/\/portalcatolico.net\/portal\/wp-content\/uploads\/2019\/11\/DSCN0963-768x576.jpg 768w, https:\/\/portalcatolico.net\/portal\/wp-content\/uploads\/2019\/11\/DSCN0963-1024x768.jpg 1024w, https:\/\/portalcatolico.net\/portal\/wp-content\/uploads\/2019\/11\/DSCN0963.jpg 1500w\" sizes=\"auto, (max-width: 300px) 100vw, 300px\" \/> <img loading=\"lazy\" decoding=\"async\" class=\"alignnone size-medium wp-image-67413\" src=\"http:\/\/portalcatolico.net\/portal\/wp-content\/uploads\/2019\/11\/DSCN0970-300x225.jpg\" alt=\"\" width=\"300\" height=\"225\" srcset=\"https:\/\/portalcatolico.net\/portal\/wp-content\/uploads\/2019\/11\/DSCN0970-300x225.jpg 300w, https:\/\/portalcatolico.net\/portal\/wp-content\/uploads\/2019\/11\/DSCN0970-768x576.jpg 768w, https:\/\/portalcatolico.net\/portal\/wp-content\/uploads\/2019\/11\/DSCN0970-1024x768.jpg 1024w, https:\/\/portalcatolico.net\/portal\/wp-content\/uploads\/2019\/11\/DSCN0970.jpg 1500w\" sizes=\"auto, (max-width: 300px) 100vw, 300px\" \/> <img loading=\"lazy\" decoding=\"async\" class=\"alignnone size-medium wp-image-67414\" src=\"http:\/\/portalcatolico.net\/portal\/wp-content\/uploads\/2019\/11\/DSCN0975-300x225.jpg\" alt=\"\" width=\"300\" height=\"225\" srcset=\"https:\/\/portalcatolico.net\/portal\/wp-content\/uploads\/2019\/11\/DSCN0975-300x225.jpg 300w, https:\/\/portalcatolico.net\/portal\/wp-content\/uploads\/2019\/11\/DSCN0975-768x576.jpg 768w, https:\/\/portalcatolico.net\/portal\/wp-content\/uploads\/2019\/11\/DSCN0975-1024x768.jpg 1024w, https:\/\/portalcatolico.net\/portal\/wp-content\/uploads\/2019\/11\/DSCN0975.jpg 1500w\" sizes=\"auto, (max-width: 300px) 100vw, 300px\" \/><\/p>\n","protected":false},"excerpt":{"rendered":"<p>A Igreja Cat\u00f3lica Apost\u00f3lica Romana celebrou neste dia 22 de novembro a&nbsp;mem\u00f3ria lit\u00fargica de Santa Cec\u00edlia, uma das m\u00e1rtires dos primeiros s\u00e9culos mais venerada pelos crist\u00e3os no mundo. Santa Cec\u00edlia, tamb\u00e9m \u00e9 a&nbsp;padroeira dos m\u00fasicos. Na cidade de Itabuna, a comunidade de Alian\u00e7a Santa Cecilia (CASC) tem a santa como sua padroeira. Os preparativos&nbsp;da celebra\u00e7\u00e3o&nbsp;tiveram&nbsp;<\/p>\n<p><a class=\"btn btn-style\" href=\"https:\/\/portalcatolico.net\/portal\/confira-a-programacao-das-celebracoes-em-homenagem-a-santa-cecilia-em-itabuna\/\">Continue Reading<\/a><\/p>\n","protected":false},"author":2,"featured_media":67409,"comment_status":"open","ping_status":"open","sticky":false,"template":"","format":"standard","meta":{"footnotes":""},"categories":[68],"tags":[],"class_list":["post-67405","post","type-post","status-publish","format-standard","has-post-thumbnail","hentry","category-homilias"],"_links":{"self":[{"href":"https:\/\/portalcatolico.net\/portal\/wp-json\/wp\/v2\/posts\/67405","targetHints":{"allow":["GET"]}}],"collection":[{"href":"https:\/\/portalcatolico.net\/portal\/wp-json\/wp\/v2\/posts"}],"about":[{"href":"https:\/\/portalcatolico.net\/portal\/wp-json\/wp\/v2\/types\/post"}],"author":[{"embeddable":true,"href":"https:\/\/portalcatolico.net\/portal\/wp-json\/wp\/v2\/users\/2"}],"replies":[{"embeddable":true,"href":"https:\/\/portalcatolico.net\/portal\/wp-json\/wp\/v2\/comments?post=67405"}],"version-history":[{"count":3,"href":"https:\/\/portalcatolico.net\/portal\/wp-json\/wp\/v2\/posts\/67405\/revisions"}],"predecessor-version":[{"id":67416,"href":"https:\/\/portalcatolico.net\/portal\/wp-json\/wp\/v2\/posts\/67405\/revisions\/67416"}],"wp:featuredmedia":[{"embeddable":true,"href":"https:\/\/portalcatolico.net\/portal\/wp-json\/wp\/v2\/media\/67409"}],"wp:attachment":[{"href":"https:\/\/portalcatolico.net\/portal\/wp-json\/wp\/v2\/media?parent=67405"}],"wp:term":[{"taxonomy":"category","embeddable":true,"href":"https:\/\/portalcatolico.net\/portal\/wp-json\/wp\/v2\/categories?post=67405"},{"taxonomy":"post_tag","embeddable":true,"href":"https:\/\/portalcatolico.net\/portal\/wp-json\/wp\/v2\/tags?post=67405"}],"curies":[{"name":"wp","href":"https:\/\/api.w.org\/{rel}","templated":true}]}}