{"id":67403,"date":"2019-11-23T13:39:02","date_gmt":"2019-11-23T16:39:02","guid":{"rendered":"http:\/\/portalcatolico.net\/portal\/?p=67403"},"modified":"2019-11-23T13:39:02","modified_gmt":"2019-11-23T16:39:02","slug":"devocao-das-mil-ave-marias-acontece-neste-domingo-em-itabuna-participe","status":"publish","type":"post","link":"https:\/\/portalcatolico.net\/portal\/devocao-das-mil-ave-marias-acontece-neste-domingo-em-itabuna-participe\/","title":{"rendered":"Devo\u00e7\u00e3o das  Mil Ave-Marias acontece neste domingo em Itabuna. Participe!"},"content":{"rendered":"<p>A Legi\u00e3o de Maria da Par\u00f3quia Santa Rita de C\u00e1ssia na cidade e diocese&nbsp;de Itabuna, no sul da Bahia, tem a alegria de convidar voc\u00ea para participar neste domingo&nbsp;(24) de um momento forte de ora\u00e7\u00e3o e devo\u00e7\u00e3o a Nossa Senhora, rezando o&nbsp;Ros\u00e1ria das mil Ave-Marias. Este momento especial vai acontecer na&nbsp; Gruta de Nossa Senhora de&nbsp;Lourdes, no jardim da Par\u00f3quia, com in\u00edcio \u00e0s 10h.<\/p>\n<p>A devo\u00e7\u00e3o das&nbsp; Mil Ave-Marias faz parte da tradi\u00e7\u00e3o religiosa no Brasil&nbsp;e, antigamente, era sempre rezada, trazendo muitas gra\u00e7as aos participantes.<br \/>\nAs Mil Ave-Marias n\u00e3o t\u00eam nenhuma liga\u00e7\u00e3o com Medjugorje, como muitos&nbsp;pensam. As mensagens de f\u00e9 comunicadas por Nossa Senhora e citadas nas folhas das Mil Ave-Marias em forma de &#8220;super-ros\u00e1rio&#8221; n\u00e3o foram tiradas&nbsp;das revela\u00e7\u00f5es de Nossa Senhora em Medjugorje, mas, sim, de suas apari\u00e7\u00f5es em Montechiari, com o t\u00edtulo de Nossa Senhora da Rosa M\u00edstica&nbsp;e do livro do Pe. Gobbi: Aos sacerdotes, filhos prediletos de Nossa Senhora (Movimento sacerdotal Mariano).<br \/>\nNossa Senhora chorou em Montechiari, pedindo ora\u00e7\u00e3o, sacrif\u00edcio e&nbsp;penit\u00eancia para salvar o mundo. Mas nossa querida M\u00e3e nunca fez amea\u00e7as, somente orientou, como uma m\u00e3e que quer proteger seus filhos dos perigos&nbsp;que podem acontecer se n\u00e3o houver ora\u00e7\u00e3o e convers\u00e3o.<br \/>\n\u00c9 verdade que todas as ora\u00e7\u00f5es devem vir do cora\u00e7\u00e3o, seja uma Ave-Maria&nbsp;ou Mil Ave-Marias!<br \/>\nAs Mil Ave-Marias s\u00e3o feitas em forma de um &#8220;super-ros\u00e1rio&#8221; bem meditado&nbsp;sobre todos os mist\u00e9rios da nossa salva\u00e7\u00e3o e com a ben\u00e7\u00e3o da paz que Nossa Senhora comunicou ao Pe. Gobbi no dia 24 de outubro de 1984. A&nbsp;ora\u00e7\u00e3o possui grande poder! Por isso, \u00e9 necess\u00e1rio rezar muito! Obt\u00e9m-se mais com um dia de ora\u00e7\u00e3o intensa do que com anos de cont\u00ednuas&nbsp;discuss\u00f5es. O &#8220;super-ros\u00e1rio&#8221; das Mil Ave-Marias, acrescido de sacrif\u00edcios, leva a um dia de ora\u00e7\u00e3o intensa.<br \/>\nVamos ajudar Nossa Senhora nesta batalha contra o mal, combatendo com a&nbsp;ora\u00e7\u00e3o das Mil Ave-Marias em forma do &#8220;super-ros\u00e1rio&#8221;.<\/p>\n","protected":false},"excerpt":{"rendered":"<p>A Legi\u00e3o de Maria da Par\u00f3quia Santa Rita de C\u00e1ssia na cidade e diocese&nbsp;de Itabuna, no sul da Bahia, tem a alegria de convidar voc\u00ea para participar neste domingo&nbsp;(24) de um momento forte de ora\u00e7\u00e3o e devo\u00e7\u00e3o a Nossa Senhora, rezando o&nbsp;Ros\u00e1ria das mil Ave-Marias. Este momento especial vai acontecer na&nbsp; Gruta de Nossa Senhora&nbsp;<\/p>\n<p><a class=\"btn btn-style\" href=\"https:\/\/portalcatolico.net\/portal\/devocao-das-mil-ave-marias-acontece-neste-domingo-em-itabuna-participe\/\">Continue Reading<\/a><\/p>\n","protected":false},"author":2,"featured_media":59714,"comment_status":"open","ping_status":"open","sticky":false,"template":"","format":"standard","meta":{"footnotes":""},"categories":[4],"tags":[],"class_list":["post-67403","post","type-post","status-publish","format-standard","has-post-thumbnail","hentry","category-destaques"],"_links":{"self":[{"href":"https:\/\/portalcatolico.net\/portal\/wp-json\/wp\/v2\/posts\/67403","targetHints":{"allow":["GET"]}}],"collection":[{"href":"https:\/\/portalcatolico.net\/portal\/wp-json\/wp\/v2\/posts"}],"about":[{"href":"https:\/\/portalcatolico.net\/portal\/wp-json\/wp\/v2\/types\/post"}],"author":[{"embeddable":true,"href":"https:\/\/portalcatolico.net\/portal\/wp-json\/wp\/v2\/users\/2"}],"replies":[{"embeddable":true,"href":"https:\/\/portalcatolico.net\/portal\/wp-json\/wp\/v2\/comments?post=67403"}],"version-history":[{"count":1,"href":"https:\/\/portalcatolico.net\/portal\/wp-json\/wp\/v2\/posts\/67403\/revisions"}],"predecessor-version":[{"id":67404,"href":"https:\/\/portalcatolico.net\/portal\/wp-json\/wp\/v2\/posts\/67403\/revisions\/67404"}],"wp:featuredmedia":[{"embeddable":true,"href":"https:\/\/portalcatolico.net\/portal\/wp-json\/wp\/v2\/media\/59714"}],"wp:attachment":[{"href":"https:\/\/portalcatolico.net\/portal\/wp-json\/wp\/v2\/media?parent=67403"}],"wp:term":[{"taxonomy":"category","embeddable":true,"href":"https:\/\/portalcatolico.net\/portal\/wp-json\/wp\/v2\/categories?post=67403"},{"taxonomy":"post_tag","embeddable":true,"href":"https:\/\/portalcatolico.net\/portal\/wp-json\/wp\/v2\/tags?post=67403"}],"curies":[{"name":"wp","href":"https:\/\/api.w.org\/{rel}","templated":true}]}}