{"id":67342,"date":"2019-11-17T21:23:07","date_gmt":"2019-11-18T00:23:07","guid":{"rendered":"http:\/\/portalcatolico.net\/portal\/?p=67342"},"modified":"2019-11-17T21:23:07","modified_gmt":"2019-11-18T00:23:07","slug":"31a-assembleia-diocesana-de-pastoral-acontece-em-itabuna","status":"publish","type":"post","link":"https:\/\/portalcatolico.net\/portal\/31a-assembleia-diocesana-de-pastoral-acontece-em-itabuna\/","title":{"rendered":"31\u00aa Assembleia Diocesana de Pastoral acontece em Itabuna"},"content":{"rendered":"<p><img loading=\"lazy\" decoding=\"async\" class=\"size-medium wp-image-67344 alignleft\" src=\"http:\/\/portalcatolico.net\/portal\/wp-content\/uploads\/2019\/11\/DSCN0894-300x225.jpg\" alt=\"\" width=\"300\" height=\"225\" srcset=\"https:\/\/portalcatolico.net\/portal\/wp-content\/uploads\/2019\/11\/DSCN0894-300x225.jpg 300w, https:\/\/portalcatolico.net\/portal\/wp-content\/uploads\/2019\/11\/DSCN0894-768x576.jpg 768w, https:\/\/portalcatolico.net\/portal\/wp-content\/uploads\/2019\/11\/DSCN0894-1024x768.jpg 1024w, https:\/\/portalcatolico.net\/portal\/wp-content\/uploads\/2019\/11\/DSCN0894.jpg 1500w\" sizes=\"auto, (max-width: 300px) 100vw, 300px\" \/>A Diocese de Itabuna, no sul da Bahia realizou nos dias 15, 16 e 17 de novembro de 2019, no Centro Diocesano de Pastoral de Nossa Senhora do Perp\u00e9tuo Socorro, a XXXI&nbsp; Assembleia Diocesana de Pastoral.<\/p>\n<p>O evento aconteceu no&nbsp;bairro Jardim Vit\u00f3ria em Itabuna, com o tema central: &#8220;As Diretrizes&nbsp;Gerais da A\u00e7\u00e3o Evangelizadora da Igreja no Brasil&#8221;&nbsp;&nbsp;(CNBB)\u2013 DGAE (2019\/2023) e o lema: &#8220;Ordenou que se assentassem em grupos de cem e de cinquenta&#8221; (Mc 6,40).<br \/>\nA abertura da 31\u00aa Assembleia Diocesana aconteceu na sexta-feira (15), com uma celebra\u00e7\u00e3o eucar\u00edstica \u00e0s 18h, com a presid\u00eancia do bispo diocesano&nbsp;Dom Carlos Alberto dos Santos e concelebra\u00e7\u00e3o pelo clero diocesano. Na oportunidade, Dom Carlos disse: &#8220;Sempre vi essas Assembleias como uma festa. Porque a gente vai reunindo as pessoas respons\u00e1veis para fazer revis\u00e3o, para direcionar a Igreja, a diocese, a comunidade, para um novo jeito de ser, um novo jeito de amar, fazendo com que Jesus seja mais conhecido e mais amado&#8221;.<\/p>\n<p>\u00c0s 20h, foi feita a entroniza\u00e7\u00e3o da Imagem de Nossa Senhora Aparecida e rel\u00edquia da Beata Elena Guerra no evento.&nbsp;<img loading=\"lazy\" decoding=\"async\" class=\"size-medium wp-image-67345 alignright\" src=\"http:\/\/portalcatolico.net\/portal\/wp-content\/uploads\/2019\/11\/DSCN0898-300x225.jpg\" alt=\"\" width=\"300\" height=\"225\" srcset=\"https:\/\/portalcatolico.net\/portal\/wp-content\/uploads\/2019\/11\/DSCN0898-300x225.jpg 300w, https:\/\/portalcatolico.net\/portal\/wp-content\/uploads\/2019\/11\/DSCN0898-768x576.jpg 768w, https:\/\/portalcatolico.net\/portal\/wp-content\/uploads\/2019\/11\/DSCN0898-1024x768.jpg 1024w, https:\/\/portalcatolico.net\/portal\/wp-content\/uploads\/2019\/11\/DSCN0898.jpg 1500w\" sizes=\"auto, (max-width: 300px) 100vw, 300px\" \/><\/p>\n<p>A Assembleia foi composta de missa,&nbsp;ora\u00e7\u00e3o, louvor, trabalho em grupos, apresenta\u00e7\u00e3o dos estudos do DGAE&nbsp;pelo coordenador de pastoral o Pe. Ac\u00e1ssio Alves.<br \/>\nFoi feita tamb\u00e9m a elei\u00e7\u00e3o do pilar para 2020&nbsp; o encaminhamentos pr\u00e1ticos. No final do evento, Pe. Ac\u00e1ssio Alves apresentou o calend\u00e1rio para 2020.<\/p>\n<p>Durante a Assembleia, as prioridades foram discutidas em grupos pastorais afins, firmando o planejamento estrat\u00e9gico com objetivos, estrat\u00e9gias e planos de a\u00e7\u00e3o para o pr\u00f3ximo ano.<\/p>\n<p>Participam da Assembleia, o bispo da Diocese de Itabuna, Dom Carlos Alberto dos Santos, al\u00e9m de p\u00e1rocos, administradores paroquiais, vig\u00e1rios paroquiais, seminaristas, di\u00e1conos, representantes das<br \/>\ncongrega\u00e7\u00f5es religiosas, consagrados e consagradas, comunidades, organismos e servi\u00e7os,coordenadores e vice diocesanos de pastorais e movimentos eclesiais, representantes das 33 par\u00f3quias em 19 munic\u00edpios&nbsp; baianos que formam a diocese.<\/p>\n<p>No domingo, a Assembleia iniciou com ora\u00e7\u00e3o da manh\u00e3 e&nbsp;finalizou \u00e0s 11h40 com a santa missa de envio. Depois foi servido um&nbsp;delicioso almo\u00e7o aos participantes.<br \/>\nDom Carlos Alberto agradeceu a todos que puderam participar da Assembleia e disse: &#8220;Valeu a pena o que vivemos aqui esses dias. Vamos sair daqui com uma dire\u00e7\u00e3o para o ano de 2020&#8221;, finalizou.<\/p>\n<p>Confira em nossa p\u00e1gina oficial no Facebook, o \u00e1lbum de fotos do evento:&nbsp;<br \/>\n<a href=\"http:\/\/www.facebook.com\/portalcatolicooficial\">www.facebook.com\/portalcatolicooficial<\/a><\/p>\n","protected":false},"excerpt":{"rendered":"<p>A Diocese de Itabuna, no sul da Bahia realizou nos dias 15, 16 e 17 de novembro de 2019, no Centro Diocesano de Pastoral de Nossa Senhora do Perp\u00e9tuo Socorro, a XXXI&nbsp; Assembleia Diocesana de Pastoral. O evento aconteceu no&nbsp;bairro Jardim Vit\u00f3ria em Itabuna, com o tema central: &#8220;As Diretrizes&nbsp;Gerais da A\u00e7\u00e3o Evangelizadora da Igreja&nbsp;<\/p>\n<p><a class=\"btn btn-style\" href=\"https:\/\/portalcatolico.net\/portal\/31a-assembleia-diocesana-de-pastoral-acontece-em-itabuna\/\">Continue Reading<\/a><\/p>\n","protected":false},"author":2,"featured_media":67343,"comment_status":"open","ping_status":"open","sticky":false,"template":"","format":"standard","meta":{"footnotes":""},"categories":[68],"tags":[],"class_list":["post-67342","post","type-post","status-publish","format-standard","has-post-thumbnail","hentry","category-homilias"],"_links":{"self":[{"href":"https:\/\/portalcatolico.net\/portal\/wp-json\/wp\/v2\/posts\/67342","targetHints":{"allow":["GET"]}}],"collection":[{"href":"https:\/\/portalcatolico.net\/portal\/wp-json\/wp\/v2\/posts"}],"about":[{"href":"https:\/\/portalcatolico.net\/portal\/wp-json\/wp\/v2\/types\/post"}],"author":[{"embeddable":true,"href":"https:\/\/portalcatolico.net\/portal\/wp-json\/wp\/v2\/users\/2"}],"replies":[{"embeddable":true,"href":"https:\/\/portalcatolico.net\/portal\/wp-json\/wp\/v2\/comments?post=67342"}],"version-history":[{"count":1,"href":"https:\/\/portalcatolico.net\/portal\/wp-json\/wp\/v2\/posts\/67342\/revisions"}],"predecessor-version":[{"id":67346,"href":"https:\/\/portalcatolico.net\/portal\/wp-json\/wp\/v2\/posts\/67342\/revisions\/67346"}],"wp:featuredmedia":[{"embeddable":true,"href":"https:\/\/portalcatolico.net\/portal\/wp-json\/wp\/v2\/media\/67343"}],"wp:attachment":[{"href":"https:\/\/portalcatolico.net\/portal\/wp-json\/wp\/v2\/media?parent=67342"}],"wp:term":[{"taxonomy":"category","embeddable":true,"href":"https:\/\/portalcatolico.net\/portal\/wp-json\/wp\/v2\/categories?post=67342"},{"taxonomy":"post_tag","embeddable":true,"href":"https:\/\/portalcatolico.net\/portal\/wp-json\/wp\/v2\/tags?post=67342"}],"curies":[{"name":"wp","href":"https:\/\/api.w.org\/{rel}","templated":true}]}}