{"id":67339,"date":"2019-11-17T21:14:50","date_gmt":"2019-11-18T00:14:50","guid":{"rendered":"http:\/\/portalcatolico.net\/portal\/?p=67339"},"modified":"2019-11-18T05:53:19","modified_gmt":"2019-11-18T08:53:19","slug":"cerimonia-de-posse-canonica-do-padre-frei-gilton-acontece-nesta-segunda-feira","status":"publish","type":"post","link":"https:\/\/portalcatolico.net\/portal\/cerimonia-de-posse-canonica-do-padre-frei-gilton-acontece-nesta-segunda-feira\/","title":{"rendered":"Cerim\u00f4nia de posse can\u00f4nica do Padre Frei Gilton acontece nesta segunda-feira"},"content":{"rendered":"<p><img loading=\"lazy\" decoding=\"async\" class=\"size-medium wp-image-67340 alignleft\" src=\"http:\/\/portalcatolico.net\/portal\/wp-content\/uploads\/2019\/11\/DSCN0881-300x225.jpg\" alt=\"\" width=\"300\" height=\"225\" srcset=\"https:\/\/portalcatolico.net\/portal\/wp-content\/uploads\/2019\/11\/DSCN0881-300x225.jpg 300w, https:\/\/portalcatolico.net\/portal\/wp-content\/uploads\/2019\/11\/DSCN0881-768x576.jpg 768w, https:\/\/portalcatolico.net\/portal\/wp-content\/uploads\/2019\/11\/DSCN0881-1024x768.jpg 1024w, https:\/\/portalcatolico.net\/portal\/wp-content\/uploads\/2019\/11\/DSCN0881.jpg 1500w\" sizes=\"auto, (max-width: 300px) 100vw, 300px\" \/>Nesta&nbsp;segunda-feira, 18 de novembro, \u00e0s 19h, vai acontecer a cerim\u00f4nia de posse can\u00f4nica&nbsp; na Par\u00f3quia Santa Rita de C\u00e1ssia, situada no bairro S\u00e3o&nbsp;Caetano&nbsp;na cidade e diocese de Itabuna, no sul da Bahia.<\/p>\n<p>O Padre Frei Gilton Oliveira, OFM Cap, foi transferido da Par\u00f3quia&nbsp;S\u00e3o Cosme e S\u00e3o Dami\u00e3o da Arquidiocese de Aracaju (SE).<br \/>\nO Frade Capuchinho chegou na sexta-feira, dia 15, e deu in\u00edcio \u00e0s suas atividades na diocese de Itabuna. O sacerdote participou da sua primeira Assembleia Diocesana de Pastoral neste final de semana, entre os dias 15 a 17 em Itabuna.<\/p>\n<p>Fotos:Acervo\/Portal Cat\u00f3lico.Net<\/p>\n","protected":false},"excerpt":{"rendered":"<p>Nesta&nbsp;segunda-feira, 18 de novembro, \u00e0s 19h, vai acontecer a cerim\u00f4nia de posse can\u00f4nica&nbsp; na Par\u00f3quia Santa Rita de C\u00e1ssia, situada no bairro S\u00e3o&nbsp;Caetano&nbsp;na cidade e diocese de Itabuna, no sul da Bahia. O Padre Frei Gilton Oliveira, OFM Cap, foi transferido da Par\u00f3quia&nbsp;S\u00e3o Cosme e S\u00e3o Dami\u00e3o da Arquidiocese de Aracaju (SE). O Frade Capuchinho&nbsp;<\/p>\n<p><a class=\"btn btn-style\" href=\"https:\/\/portalcatolico.net\/portal\/cerimonia-de-posse-canonica-do-padre-frei-gilton-acontece-nesta-segunda-feira\/\">Continue Reading<\/a><\/p>\n","protected":false},"author":2,"featured_media":67349,"comment_status":"open","ping_status":"open","sticky":false,"template":"","format":"standard","meta":{"footnotes":""},"categories":[4],"tags":[],"class_list":["post-67339","post","type-post","status-publish","format-standard","has-post-thumbnail","hentry","category-destaques"],"_links":{"self":[{"href":"https:\/\/portalcatolico.net\/portal\/wp-json\/wp\/v2\/posts\/67339","targetHints":{"allow":["GET"]}}],"collection":[{"href":"https:\/\/portalcatolico.net\/portal\/wp-json\/wp\/v2\/posts"}],"about":[{"href":"https:\/\/portalcatolico.net\/portal\/wp-json\/wp\/v2\/types\/post"}],"author":[{"embeddable":true,"href":"https:\/\/portalcatolico.net\/portal\/wp-json\/wp\/v2\/users\/2"}],"replies":[{"embeddable":true,"href":"https:\/\/portalcatolico.net\/portal\/wp-json\/wp\/v2\/comments?post=67339"}],"version-history":[{"count":4,"href":"https:\/\/portalcatolico.net\/portal\/wp-json\/wp\/v2\/posts\/67339\/revisions"}],"predecessor-version":[{"id":67351,"href":"https:\/\/portalcatolico.net\/portal\/wp-json\/wp\/v2\/posts\/67339\/revisions\/67351"}],"wp:featuredmedia":[{"embeddable":true,"href":"https:\/\/portalcatolico.net\/portal\/wp-json\/wp\/v2\/media\/67349"}],"wp:attachment":[{"href":"https:\/\/portalcatolico.net\/portal\/wp-json\/wp\/v2\/media?parent=67339"}],"wp:term":[{"taxonomy":"category","embeddable":true,"href":"https:\/\/portalcatolico.net\/portal\/wp-json\/wp\/v2\/categories?post=67339"},{"taxonomy":"post_tag","embeddable":true,"href":"https:\/\/portalcatolico.net\/portal\/wp-json\/wp\/v2\/tags?post=67339"}],"curies":[{"name":"wp","href":"https:\/\/api.w.org\/{rel}","templated":true}]}}