{"id":67291,"date":"2019-11-13T06:15:42","date_gmt":"2019-11-13T09:15:42","guid":{"rendered":"http:\/\/portalcatolico.net\/portal\/?p=67291"},"modified":"2019-11-13T06:15:42","modified_gmt":"2019-11-13T09:15:42","slug":"confira-todos-os-detalhes-do-dnj-2019-as-inscricoes-ainda-estao-abertas","status":"publish","type":"post","link":"https:\/\/portalcatolico.net\/portal\/confira-todos-os-detalhes-do-dnj-2019-as-inscricoes-ainda-estao-abertas\/","title":{"rendered":"Confira todos os detalhes do DNJ 2019. As inscri\u00e7\u00f5es ainda est\u00e3o abertas!"},"content":{"rendered":"<p>O Dia Nacional da Juventude de 2019 est\u00e1 sendo celebrado durante o m\u00eas de novembro&nbsp; pela Diocese de Itabuna. O Dia Nacional da Juventude (DNJ) surgiu em 1985, durante o Ano Internacional da Juventude, promovido pela Organiza\u00e7\u00e3o das Na\u00e7\u00f5es Unidas. Estava evidente que a juventude precisava<br \/>\nmobilizar-se e construir espa\u00e7os de participa\u00e7\u00e3o, para pensar e repensar uma nova sociedade. Todos os anos organiza-se um dia de festa da juventude em todas as dioceses do pais, sempre com um tema importante a ser debatido e trabalhado com grupos. O DNJ ser\u00e1 realizado nos dias 23 e 24 de novembro na Par\u00f3quia anfitri\u00e3 de S\u00e3o Boaventura na&nbsp; cidade de Canavieiras, no litoral sul da Bahia. O evento ser\u00e1 composto de santa missa, louvor, oficinas tem\u00e1tica, show entre outros momentos de evangeliza\u00e7\u00e3o.&nbsp;<\/p>\n<p>E ter\u00e1&nbsp;como tema: &#8220;Eis aqui a serva do Senhor!&#8221;.<br \/>\nVale ressaltar que vai haver Lual com momento oracional com a Irm\u00e3 Ana Paula.<\/p>\n<p>Confira a programa\u00e7\u00e3o em detalhes:<br \/>\n<strong>Dia 23, s\u00e1bado:<\/strong><br \/>\n&nbsp; \u00c0 partir das 15h, acolhida e credenciamento no sal\u00e3o paroquial da Par\u00f3quia S\u00e3o Boaventura e aloca\u00e7\u00e3o nos locais de hospedagem.<br \/>\n&nbsp; Rapazes (Col\u00e9gio Modelo Luiz Eduardo Magalh\u00e3es \/ COLEM).<br \/>\n&nbsp; Mo\u00e7as (Escola Comunit\u00e1ria S\u00e3o Boaventura).<br \/>\n&nbsp; Das 16h \u00e0s 17h, lanche no Sal\u00e3o Paroquial.<br \/>\n&nbsp; 18h, ter\u00e7o Mariano luminoso.<br \/>\n&nbsp; Das 19h \u00e0s 23h, Lual na praia da Costa, Ilha de Atalaia.<br \/>\n&nbsp; 00h, Recolhimento nos locais de hospedagem.<\/p>\n<p><strong>Dia 24, domingo:<\/strong><br \/>\n&nbsp; \u00c0s 07h, caf\u00e9 da manh\u00e3 nos locais de hospedagem.<br \/>\n&nbsp; Das 08h \u00e0s 12h a programa\u00e7\u00e3o segue com: palestras e oficinas sob a responsabilidade do Setor Juventude Diocesano.<br \/>\n&nbsp; 12h, Santa Missa<br \/>\n&nbsp; 13h, Almo\u00e7o<br \/>\n&nbsp; 14h \u00e0s 15h30 ,Programa\u00e7\u00e3o, palestras e oficinas sob a responsabilidade<br \/>\ndo Setor Juventude Diocesano.<\/p>\n<p><strong>Abaixo, veja algumas observa\u00e7\u00f5es importantes que os participantes devem saber:&nbsp;&nbsp;<\/strong><\/p>\n<p>&nbsp;1\u00b0) Trazer colch\u00e3o, roupa de cama e banho;<br \/>\n&nbsp; 2\u00b0) No Lual, ter\u00e1 workshops de pastorais e quermesse;<br \/>\n&nbsp; 3\u00b0) Uma fita adesiva ser\u00e1 anexada ao bra\u00e7o do participante para controle na distribui\u00e7\u00e3o das&nbsp;refei\u00e7\u00f5es;<br \/>\n&nbsp; 4\u00b0) O valor da inscri\u00e7\u00e3o \u00e9 20 reais para custear as refei\u00e7\u00f5es (lanche da tarde, caf\u00e9 da manh\u00e3 e almo\u00e7o)<br \/>\n&nbsp; 5\u00b0) Algumas caravanas chegar\u00e3o pela manh\u00e3. A organiza\u00e7\u00e3o dessa acolhida pode ser combinada antecipadamente. Contudo, os interessados precisam entrar em contato com a Irm\u00e3&nbsp;Marisa, no telefone (73) 99932-1590,&nbsp; para acertar os detalhes.<br \/>\n&nbsp; 6\u00b0) Uma camisa&nbsp;&nbsp;ser\u00e1 produzida especialmente para o&nbsp;encontro, no valor de 20 reais.<br \/>\nQue tiver interesse deve ligar para M\u00e1rio Cley:&nbsp;&nbsp;(73) 99974-1333&nbsp; ou 99946-4400.<br \/>\n&nbsp; 7\u00b0) Para quem \u00e9 de Canavieiras e quiser almo\u00e7ar na cidade no domingo, quentinhas de almo\u00e7o avulsas ser\u00e3o vendidas por apenas 12 reais. \u00c9 necess\u00e1rio reservar e pagar antecipadamente e entrar em contato com Marilene, no telefone (73) 99844-7346,&nbsp;ou com seu coordenador de grupo ou pastoral.<br \/>\nVale ressaltar que as inscri\u00e7\u00f5es se encerram no dia 18.<\/p>\n","protected":false},"excerpt":{"rendered":"<p>O Dia Nacional da Juventude de 2019 est\u00e1 sendo celebrado durante o m\u00eas de novembro&nbsp; pela Diocese de Itabuna. O Dia Nacional da Juventude (DNJ) surgiu em 1985, durante o Ano Internacional da Juventude, promovido pela Organiza\u00e7\u00e3o das Na\u00e7\u00f5es Unidas. Estava evidente que a juventude precisava mobilizar-se e construir espa\u00e7os de participa\u00e7\u00e3o, para pensar e&nbsp;<\/p>\n<p><a class=\"btn btn-style\" href=\"https:\/\/portalcatolico.net\/portal\/confira-todos-os-detalhes-do-dnj-2019-as-inscricoes-ainda-estao-abertas\/\">Continue Reading<\/a><\/p>\n","protected":false},"author":2,"featured_media":67292,"comment_status":"open","ping_status":"open","sticky":false,"template":"","format":"standard","meta":{"footnotes":""},"categories":[1],"tags":[],"class_list":["post-67291","post","type-post","status-publish","format-standard","has-post-thumbnail","hentry","category-agenda"],"_links":{"self":[{"href":"https:\/\/portalcatolico.net\/portal\/wp-json\/wp\/v2\/posts\/67291","targetHints":{"allow":["GET"]}}],"collection":[{"href":"https:\/\/portalcatolico.net\/portal\/wp-json\/wp\/v2\/posts"}],"about":[{"href":"https:\/\/portalcatolico.net\/portal\/wp-json\/wp\/v2\/types\/post"}],"author":[{"embeddable":true,"href":"https:\/\/portalcatolico.net\/portal\/wp-json\/wp\/v2\/users\/2"}],"replies":[{"embeddable":true,"href":"https:\/\/portalcatolico.net\/portal\/wp-json\/wp\/v2\/comments?post=67291"}],"version-history":[{"count":1,"href":"https:\/\/portalcatolico.net\/portal\/wp-json\/wp\/v2\/posts\/67291\/revisions"}],"predecessor-version":[{"id":67293,"href":"https:\/\/portalcatolico.net\/portal\/wp-json\/wp\/v2\/posts\/67291\/revisions\/67293"}],"wp:featuredmedia":[{"embeddable":true,"href":"https:\/\/portalcatolico.net\/portal\/wp-json\/wp\/v2\/media\/67292"}],"wp:attachment":[{"href":"https:\/\/portalcatolico.net\/portal\/wp-json\/wp\/v2\/media?parent=67291"}],"wp:term":[{"taxonomy":"category","embeddable":true,"href":"https:\/\/portalcatolico.net\/portal\/wp-json\/wp\/v2\/categories?post=67291"},{"taxonomy":"post_tag","embeddable":true,"href":"https:\/\/portalcatolico.net\/portal\/wp-json\/wp\/v2\/tags?post=67291"}],"curies":[{"name":"wp","href":"https:\/\/api.w.org\/{rel}","templated":true}]}}