{"id":67284,"date":"2019-11-12T00:02:51","date_gmt":"2019-11-12T03:02:51","guid":{"rendered":"http:\/\/portalcatolico.net\/portal\/?p=67284"},"modified":"2019-11-12T06:06:46","modified_gmt":"2019-11-12T09:06:46","slug":"diretrizes-gerais-da-acao-evangelizadora-sera-o-tema-da-assembleia-diocesana-de-pastoral-em-itabuna-confira","status":"publish","type":"post","link":"https:\/\/portalcatolico.net\/portal\/diretrizes-gerais-da-acao-evangelizadora-sera-o-tema-da-assembleia-diocesana-de-pastoral-em-itabuna-confira\/","title":{"rendered":"Diretrizes Gerais da A\u00e7\u00e3o Evangelizadora ser\u00e1 o tema da Assembleia Diocesana de Pastoral em Itabuna. Confira!"},"content":{"rendered":"<p>A 31\u00aa Assembleia Diocesana de Pastoral da Diocese de Itabuna, no sul da Bahia,&nbsp;vai acontecer entre os&nbsp; dias 15,16 e 17 deste m\u00eas. A reuni\u00e3o vai ter como tema central as Diretrizes Gerais da A\u00e7\u00e3o Evangelizadora da Igreja no Brasil (CNBB)\u2013DGAE (2019\/2023) e o lema: Ordenou que se assentassem em grupos de cem e de cinquenta (Mc 6,40).<br \/>\nParticipam da Assembleia, o bispo da Diocese de Itabuna, Dom Carlos Alberto dos Santos, al\u00e9m de p\u00e1rocos, administradores paroquiais, vig\u00e1rios paroquiais, di\u00e1conos (todos), representantes das congrega\u00e7\u00f5es religiosas, religiosas, organismos e servi\u00e7os, coordenadores e vice diocesanos de pastorais e movimento eclesiais e representantes das 33 par\u00f3quias em 19 munic\u00edpios&nbsp; baianos que formam a diocese.<br \/>\nVale ressaltar que s\u00e3o convocados os seguintes&nbsp;delegados:<br \/>\n-02 leigos pela par\u00f3quia ( O coordenador de pastorais e o vice)<br \/>\n-02 representantes de pastorais, movimentos, servi\u00e7os diocesanos (preferencialmente o coordenador e o vice)<br \/>\n-02 representantes de cada comunidade de religiosos e religiosos.<\/p>\n<p>A 31\u00aa Assembleia ser\u00e1 realizada no Centro Pastoral Diocesano, situada no bairro Jardim Vit\u00f3ria na cidade de Itabuna (BA) ,com in\u00edcio dia 15\/11, \u00e0s 18h e finalizar\u00e1 no dia 17, \u00e0s 12h.<br \/>\nPara maiores informa\u00e7\u00f5es, entre em contato com a c\u00faria pelo telefone(73)3211-3520, falar com K\u00e1tia Paim.<\/p>\n<p>Foto:Acervo\/2018<\/p>\n<p><img loading=\"lazy\" decoding=\"async\" class=\"wp-image-67285 aligncenter\" src=\"http:\/\/portalcatolico.net\/portal\/wp-content\/uploads\/2019\/11\/XqRE0Yq-300x200.jpg\" alt=\"\" width=\"746\" height=\"497\" srcset=\"https:\/\/portalcatolico.net\/portal\/wp-content\/uploads\/2019\/11\/XqRE0Yq-300x200.jpg 300w, https:\/\/portalcatolico.net\/portal\/wp-content\/uploads\/2019\/11\/XqRE0Yq-768x512.jpg 768w, https:\/\/portalcatolico.net\/portal\/wp-content\/uploads\/2019\/11\/XqRE0Yq-1024x683.jpg 1024w, https:\/\/portalcatolico.net\/portal\/wp-content\/uploads\/2019\/11\/XqRE0Yq.jpg 2048w\" sizes=\"auto, (max-width: 746px) 100vw, 746px\" \/><\/p>\n","protected":false},"excerpt":{"rendered":"<p>A 31\u00aa Assembleia Diocesana de Pastoral da Diocese de Itabuna, no sul da Bahia,&nbsp;vai acontecer entre os&nbsp; dias 15,16 e 17 deste m\u00eas. A reuni\u00e3o vai ter como tema central as Diretrizes Gerais da A\u00e7\u00e3o Evangelizadora da Igreja no Brasil (CNBB)\u2013DGAE (2019\/2023) e o lema: Ordenou que se assentassem em grupos de cem e de&nbsp;<\/p>\n<p><a class=\"btn btn-style\" href=\"https:\/\/portalcatolico.net\/portal\/diretrizes-gerais-da-acao-evangelizadora-sera-o-tema-da-assembleia-diocesana-de-pastoral-em-itabuna-confira\/\">Continue Reading<\/a><\/p>\n","protected":false},"author":2,"featured_media":67288,"comment_status":"open","ping_status":"open","sticky":false,"template":"","format":"standard","meta":{"footnotes":""},"categories":[1],"tags":[],"class_list":["post-67284","post","type-post","status-publish","format-standard","has-post-thumbnail","hentry","category-agenda"],"_links":{"self":[{"href":"https:\/\/portalcatolico.net\/portal\/wp-json\/wp\/v2\/posts\/67284","targetHints":{"allow":["GET"]}}],"collection":[{"href":"https:\/\/portalcatolico.net\/portal\/wp-json\/wp\/v2\/posts"}],"about":[{"href":"https:\/\/portalcatolico.net\/portal\/wp-json\/wp\/v2\/types\/post"}],"author":[{"embeddable":true,"href":"https:\/\/portalcatolico.net\/portal\/wp-json\/wp\/v2\/users\/2"}],"replies":[{"embeddable":true,"href":"https:\/\/portalcatolico.net\/portal\/wp-json\/wp\/v2\/comments?post=67284"}],"version-history":[{"count":3,"href":"https:\/\/portalcatolico.net\/portal\/wp-json\/wp\/v2\/posts\/67284\/revisions"}],"predecessor-version":[{"id":67290,"href":"https:\/\/portalcatolico.net\/portal\/wp-json\/wp\/v2\/posts\/67284\/revisions\/67290"}],"wp:featuredmedia":[{"embeddable":true,"href":"https:\/\/portalcatolico.net\/portal\/wp-json\/wp\/v2\/media\/67288"}],"wp:attachment":[{"href":"https:\/\/portalcatolico.net\/portal\/wp-json\/wp\/v2\/media?parent=67284"}],"wp:term":[{"taxonomy":"category","embeddable":true,"href":"https:\/\/portalcatolico.net\/portal\/wp-json\/wp\/v2\/categories?post=67284"},{"taxonomy":"post_tag","embeddable":true,"href":"https:\/\/portalcatolico.net\/portal\/wp-json\/wp\/v2\/tags?post=67284"}],"curies":[{"name":"wp","href":"https:\/\/api.w.org\/{rel}","templated":true}]}}