{"id":67279,"date":"2019-11-11T20:05:31","date_gmt":"2019-11-11T23:05:31","guid":{"rendered":"http:\/\/portalcatolico.net\/portal\/?p=67279"},"modified":"2019-11-11T20:05:58","modified_gmt":"2019-11-11T23:05:58","slug":"diaconos-recebem-ministerios-de-leitores-em-ilheus-durante-assembleia-diocesana","status":"publish","type":"post","link":"https:\/\/portalcatolico.net\/portal\/diaconos-recebem-ministerios-de-leitores-em-ilheus-durante-assembleia-diocesana\/","title":{"rendered":"Di\u00e1conos recebem minist\u00e9rios de leitores em Ilh\u00e9us durante Assembleia Diocesana"},"content":{"rendered":"<div class=\"PlainText\" dir=\"auto\"><img loading=\"lazy\" decoding=\"async\" class=\"size-medium wp-image-67281 alignleft\" src=\"http:\/\/portalcatolico.net\/portal\/wp-content\/uploads\/2019\/11\/dia2-300x169.jpg\" alt=\"\" width=\"300\" height=\"169\" srcset=\"https:\/\/portalcatolico.net\/portal\/wp-content\/uploads\/2019\/11\/dia2-300x169.jpg 300w, https:\/\/portalcatolico.net\/portal\/wp-content\/uploads\/2019\/11\/dia2-768x432.jpg 768w, https:\/\/portalcatolico.net\/portal\/wp-content\/uploads\/2019\/11\/dia2.jpg 960w\" sizes=\"auto, (max-width: 300px) 100vw, 300px\" \/>Aconteceu no fim de semana em Ilh\u00e9us (BA), a&nbsp; quadrag\u00e9sima s\u00e9tima Assembleia diocesana, \u00e0s 7h da manh\u00e3, presidida pelo bispo Dom Mauro Montagnoli e concelebra\u00e7\u00e3o pelos presb\u00edteros.&nbsp;<\/div>\n<div class=\"PlainText\" dir=\"auto\">O evento contou com a participa\u00e7\u00e3o da comiss\u00e3o diocesana dos di\u00e1conos permanentes&nbsp; da diocese de Ilh\u00e9us, que receberam os minist\u00e9rios de leitores. os candidatos ao diaconato permanente:&nbsp; Etevaldo Cruz Bonfim, Rodrigo Dias Souza ,Paulo Lu\u00eds de Ara\u00fajo Neto, Valmir de Jesus Santos. Durante a homilia, o bispo disse: &#8220;o diaconato permanente \u00e9 uma voca\u00e7\u00e3o&nbsp; em nossa Igreja, uma gra\u00e7a de Deus, um dom e um chamado,&nbsp; e n\u00e3o \u00e9 um desejo pessoal de um bispo.&nbsp;O evangelho de Lucas nos ajuda a&nbsp;compreender que a ressurrei\u00e7\u00e3o dos mortos \u00e9 um evento que caracteriza&nbsp;o fim dos tempos, mas \u00e9 tamb\u00e9m um crit\u00e9rio, uma certeza que deve&nbsp;orientar nossas op\u00e7\u00f5es nas atividades cotidianas na hist\u00f3ria.<\/div>\n<div dir=\"auto\">&nbsp;<\/div>\n<div class=\"PlainText\" dir=\"auto\">Portanto, somos desafiados a sermos testemunhas, na sociedade e no mundo, desse Deus que n\u00e3o \u00e9 Deus dos mortos, mas dos vivos, e continuar anunciando a palavra da salva\u00e7\u00e3o, para que seja conhecida, amada, acolhida e testemunhada \u00e9 miss\u00e3o de todos nos e principalmente agora os novos ministros leitores da nossa Igreja&#8221;.<\/div>\n<div class=\"PlainText\" dir=\"auto\">Durante a Assembleia foi divulgada agenda pelo diretor da escola diaconal, o padre Ant\u00f4nio Marcos Batista,&nbsp;do ano de 2020, onde ter\u00e1&nbsp; institui\u00e7\u00e3o do acolitado aos candidatos ao diaconato permanente no dia 23 de fevereiro, \u00e0s 10h da manh\u00e3, na Catedral de S\u00e3o Sebasti\u00e3o, na abertura&nbsp;do ano vocacional. E no dia 31 de maio, \u00e0s 07h da manh\u00e3, na cidade de&nbsp;Ubaitaba, onde haver\u00e1 admiss\u00e3o \u00e0s ordens sacras e durante os dias 08 a 13 de junho, o retiro can\u00f4nico&nbsp; para ordena\u00e7\u00e3o.<\/div>\n<div dir=\"auto\">&nbsp;<\/div>\n<div class=\"PlainText\" dir=\"auto\">Texto e foto:Rodrigo Dias\/Diocese de Ilh\u00e9us(BA)<\/div>\n","protected":false},"excerpt":{"rendered":"<p>Aconteceu no fim de semana em Ilh\u00e9us (BA), a&nbsp; quadrag\u00e9sima s\u00e9tima Assembleia diocesana, \u00e0s 7h da manh\u00e3, presidida pelo bispo Dom Mauro Montagnoli e concelebra\u00e7\u00e3o pelos presb\u00edteros.&nbsp; O evento contou com a participa\u00e7\u00e3o da comiss\u00e3o diocesana dos di\u00e1conos permanentes&nbsp; da diocese de Ilh\u00e9us, que receberam os minist\u00e9rios de leitores. os candidatos ao diaconato permanente:&nbsp; Etevaldo&nbsp;<\/p>\n<p><a class=\"btn btn-style\" href=\"https:\/\/portalcatolico.net\/portal\/diaconos-recebem-ministerios-de-leitores-em-ilheus-durante-assembleia-diocesana\/\">Continue Reading<\/a><\/p>\n","protected":false},"author":2,"featured_media":67280,"comment_status":"open","ping_status":"open","sticky":false,"template":"","format":"standard","meta":{"footnotes":""},"categories":[4],"tags":[],"class_list":["post-67279","post","type-post","status-publish","format-standard","has-post-thumbnail","hentry","category-destaques"],"_links":{"self":[{"href":"https:\/\/portalcatolico.net\/portal\/wp-json\/wp\/v2\/posts\/67279","targetHints":{"allow":["GET"]}}],"collection":[{"href":"https:\/\/portalcatolico.net\/portal\/wp-json\/wp\/v2\/posts"}],"about":[{"href":"https:\/\/portalcatolico.net\/portal\/wp-json\/wp\/v2\/types\/post"}],"author":[{"embeddable":true,"href":"https:\/\/portalcatolico.net\/portal\/wp-json\/wp\/v2\/users\/2"}],"replies":[{"embeddable":true,"href":"https:\/\/portalcatolico.net\/portal\/wp-json\/wp\/v2\/comments?post=67279"}],"version-history":[{"count":2,"href":"https:\/\/portalcatolico.net\/portal\/wp-json\/wp\/v2\/posts\/67279\/revisions"}],"predecessor-version":[{"id":67283,"href":"https:\/\/portalcatolico.net\/portal\/wp-json\/wp\/v2\/posts\/67279\/revisions\/67283"}],"wp:featuredmedia":[{"embeddable":true,"href":"https:\/\/portalcatolico.net\/portal\/wp-json\/wp\/v2\/media\/67280"}],"wp:attachment":[{"href":"https:\/\/portalcatolico.net\/portal\/wp-json\/wp\/v2\/media?parent=67279"}],"wp:term":[{"taxonomy":"category","embeddable":true,"href":"https:\/\/portalcatolico.net\/portal\/wp-json\/wp\/v2\/categories?post=67279"},{"taxonomy":"post_tag","embeddable":true,"href":"https:\/\/portalcatolico.net\/portal\/wp-json\/wp\/v2\/tags?post=67279"}],"curies":[{"name":"wp","href":"https:\/\/api.w.org\/{rel}","templated":true}]}}