{"id":67234,"date":"2019-11-06T16:27:43","date_gmt":"2019-11-06T19:27:43","guid":{"rendered":"http:\/\/portalcatolico.net\/portal\/?p=67234"},"modified":"2019-11-06T16:28:56","modified_gmt":"2019-11-06T19:28:56","slug":"palavra-do-pastor-dom-carlos-fala-sobre-a-1a-assembleia-diocesana-da-pastoral-familiar-e-os-41-anos-da-diocese-de-itabuna","status":"publish","type":"post","link":"https:\/\/portalcatolico.net\/portal\/palavra-do-pastor-dom-carlos-fala-sobre-a-1a-assembleia-diocesana-da-pastoral-familiar-e-os-41-anos-da-diocese-de-itabuna\/","title":{"rendered":"Palavra do Pastor: Dom Carlos fala sobre a 1\u00aa Assembleia Diocesana da Pastoral Familiar e os 41 anos da Diocese de Itabuna"},"content":{"rendered":"<p>Para marcar a Palavra do Pastor, esta semana, o Portal Cat\u00f3lico de&nbsp;Not\u00edcias compartilha uma entrevista especial na qual o Bispo da Diocese de Itabuna, Dom Carlos Alberto dos Santos, fala sobre a 1\u00aa Assembleia&nbsp;Diocesana da Pastoral Familiar que foi realizada no dia 03 de novembro em Itabuna e fala tamb\u00e9m do anivers\u00e1rio dos 41 anos da&nbsp;diocese.<br \/>\nA posse can\u00f4nica&nbsp; aconteceu no dia 07 de abril de 2017, ap\u00f3s Dom Carlos&nbsp;Alberto&nbsp; ter sido escolhido pelo Papa Francisco&nbsp; no 1\u00aa de fevereiro de 2017. Anteriormente, Dom Carlos pastoreou a Diocese de Teixeira de&nbsp;Freitas\/Caravelas, no extremo sul da Bahia, por um per\u00edodo de 12 anos.<br \/>\nEle \u00e9 o quinto bispo a assumir a Diocese de Itabuna num per\u00edodo de 41&nbsp;anos. Dom Carlos&nbsp; tem a miss\u00e3o de ensinar, santificar e guiar em comunh\u00e3o hier\u00e1rquica com o sucessor de Pedro e com os outros membros do&nbsp;col\u00e9gio episcopal, as 33 par\u00f3quias e mais de 145 comunidades, em 16 munic\u00edpios no sul da Bahia.<\/p>\n<p><strong>Confira a entrevista sobre a 1\u00aa Assembleia&nbsp;Diocesana da Pastoral Familiar:<\/strong><\/p>\n<p>&#8220;Queridos irm\u00e3os e irm\u00e3s, n\u00f3s tivemos a 1\u00aa Assembleia&nbsp;Diocesana da Pastoral Familiar em vista de que fazemos com que trabalhemos em unidade em todas par\u00f3quias. Infelizmente, tr\u00eas das trinta e tr\u00eas, n\u00e3o estiveram presentes, mas mandaram alguns representantes para ter o conhecimento. E isso foi muito gostoso, foi muito bom, foi muito proveitoso, e a gente percebeu realmente, como as pessoas dali sa\u00edram, com a vontade e o desejo de abra\u00e7ar a fam\u00edlia, que \u00e9 a base, \u00e9 o centro a nossa sociedade. E a Pastoral Familiar \u00e9 a m\u00e3e de todas as pastorais. E por isso mesmo, se n\u00f3s conseguirmos realizar todos esses encontros nas nossas pastorais da nossa diocese, n\u00f3s vamos ter um efeito muito grande nas nossas pastorais, visto que ela abrange crian\u00e7a, abrange o adolescente, abrange o vi\u00favo, a vi\u00fava, enfim, abrange a todos. De tal forma que, foi um Encontro de Forma\u00e7\u00e3o muito rico com mais de cem pessoas. Eu s\u00f3 tenho que agradecer a Deus e a essa nova equipe que est\u00e1 a\u00ed, juntamente com as outras equipes que passaram, que deram oportunidade, e hoje n\u00f3s temos o casal J\u00falio e K\u00e1tia, com a coordena\u00e7\u00e3o, e que est\u00e3o proporcionando aquilo que a Pastoral Familiar deve ser, fazendo com que as pessoas tomem consci\u00eancia. Ent\u00e3o, louvo ao Senhor, agrade\u00e7o a Deus por este momento. Resta agora n\u00f3s assumirmos em nossas par\u00f3quias, em nossas comunidades. Deus aben\u00e7oe a todos n\u00f3s e a nossa diocese&#8221;.<\/p>\n<p><strong>Confira a entrevista sobre os 41 anos da Diocese de Itabuna:<\/strong><\/p>\n<p>&#8220;Quarenta e um anos de nossa Diocese de Itabuna, criada no dia 7 de novembro. Iniciava-se, portanto, uma nova etapa na vida da Igreja. N\u00f3s nos alegramos com as 33 par\u00f3quias que existem, com as 145 comunidades, n\u00f3s louvamos e agradecemos ao Senhor e queremos bendizer a Deus no dia 7 de novembro, com a missa ao meio-dia, nossa Catedral de S\u00e3o Jos\u00e9. S\u00f3 tenho que agradecer a Deus pelos bispos que j\u00e1 passaram por aqui. Louvo ao Senhor por isso tudo!&#8221;.<\/p>\n<p>Foto:Acervo\/Portal Cat\u00f3lico.Net<\/p>\n","protected":false},"excerpt":{"rendered":"<p>Para marcar a Palavra do Pastor, esta semana, o Portal Cat\u00f3lico de&nbsp;Not\u00edcias compartilha uma entrevista especial na qual o Bispo da Diocese de Itabuna, Dom Carlos Alberto dos Santos, fala sobre a 1\u00aa Assembleia&nbsp;Diocesana da Pastoral Familiar que foi realizada no dia 03 de novembro em Itabuna e fala tamb\u00e9m do anivers\u00e1rio dos 41 anos&nbsp;<\/p>\n<p><a class=\"btn btn-style\" href=\"https:\/\/portalcatolico.net\/portal\/palavra-do-pastor-dom-carlos-fala-sobre-a-1a-assembleia-diocesana-da-pastoral-familiar-e-os-41-anos-da-diocese-de-itabuna\/\">Continue Reading<\/a><\/p>\n","protected":false},"author":2,"featured_media":67235,"comment_status":"open","ping_status":"open","sticky":false,"template":"","format":"standard","meta":{"footnotes":""},"categories":[72],"tags":[],"class_list":["post-67234","post","type-post","status-publish","format-standard","has-post-thumbnail","hentry","category-palavra-do-pastor"],"_links":{"self":[{"href":"https:\/\/portalcatolico.net\/portal\/wp-json\/wp\/v2\/posts\/67234","targetHints":{"allow":["GET"]}}],"collection":[{"href":"https:\/\/portalcatolico.net\/portal\/wp-json\/wp\/v2\/posts"}],"about":[{"href":"https:\/\/portalcatolico.net\/portal\/wp-json\/wp\/v2\/types\/post"}],"author":[{"embeddable":true,"href":"https:\/\/portalcatolico.net\/portal\/wp-json\/wp\/v2\/users\/2"}],"replies":[{"embeddable":true,"href":"https:\/\/portalcatolico.net\/portal\/wp-json\/wp\/v2\/comments?post=67234"}],"version-history":[{"count":1,"href":"https:\/\/portalcatolico.net\/portal\/wp-json\/wp\/v2\/posts\/67234\/revisions"}],"predecessor-version":[{"id":67236,"href":"https:\/\/portalcatolico.net\/portal\/wp-json\/wp\/v2\/posts\/67234\/revisions\/67236"}],"wp:featuredmedia":[{"embeddable":true,"href":"https:\/\/portalcatolico.net\/portal\/wp-json\/wp\/v2\/media\/67235"}],"wp:attachment":[{"href":"https:\/\/portalcatolico.net\/portal\/wp-json\/wp\/v2\/media?parent=67234"}],"wp:term":[{"taxonomy":"category","embeddable":true,"href":"https:\/\/portalcatolico.net\/portal\/wp-json\/wp\/v2\/categories?post=67234"},{"taxonomy":"post_tag","embeddable":true,"href":"https:\/\/portalcatolico.net\/portal\/wp-json\/wp\/v2\/tags?post=67234"}],"curies":[{"name":"wp","href":"https:\/\/api.w.org\/{rel}","templated":true}]}}