{"id":67229,"date":"2019-11-06T16:20:36","date_gmt":"2019-11-06T19:20:36","guid":{"rendered":"http:\/\/portalcatolico.net\/portal\/?p=67229"},"modified":"2019-11-06T16:21:41","modified_gmt":"2019-11-06T19:21:41","slug":"apos-nove-semanas-encerra-em-itabuna-o-xviii-seminario-de-vida-no-espirito-santo","status":"publish","type":"post","link":"https:\/\/portalcatolico.net\/portal\/apos-nove-semanas-encerra-em-itabuna-o-xviii-seminario-de-vida-no-espirito-santo\/","title":{"rendered":"Ap\u00f3s nove semanas, encerra em Itabuna o XVIII Semin\u00e1rio de Vida no Esp\u00edrito Santo"},"content":{"rendered":"<p>O Grupo de Ora\u00e7\u00e3o Santa Rita de C\u00e1ssia da Renova\u00e7\u00e3o Carism\u00e1tica Cat\u00f3lica&nbsp;(RCC) promoveu o XVIII Semin\u00e1rio de Vida no Esp\u00edrito Santo na par\u00f3quia Santa Rita de C\u00e1ssia na cidade e diocese de Itabuna, no sul da Bahia.<br \/>\nCerca de 47&nbsp; pessoas participaram de momentos de ora\u00e7\u00e3o, prega\u00e7\u00e3o, testemunhos, que aconteciam toda ter\u00e7a-feira. O evento finalizou na noite de ontem (05\/11), com v\u00e1rios testemunhos de pessoas que chegaram querendo um sentido&nbsp;pra vida e outros que passavam por problemas na vida pessoal, particular&nbsp;e at\u00e9 familiar.<\/p>\n<p>Ao todo, foram&nbsp;noves semanas de muita evangeliza\u00e7\u00e3o.<\/p>\n<p>&nbsp;&#8220;Participar de um Semin\u00e1rio de Vida no Esp\u00edrito Santo \u00e9 fazer uma&nbsp;Experi\u00eancia de Amor com Deus e uma oportunidade de ter a vida&nbsp;transformada pelo Esp\u00edrito Santo. O Semin\u00e1rio \u00e9, para todos n\u00f3s, um grande valor, pois \u00e9 uma oportunidade&nbsp;de se fortalecer e aprender mais. Para quem ainda n\u00e3o fez esta&nbsp;experi\u00eancia, \u00e9 um despertar para a vida no Esp\u00edrito&#8221;, disse um dos participantes.<\/p>\n<p>Outra participante deu um testemunho e falou como se sente ap\u00f3s participar do Grupo de Ora\u00e7\u00e3o e do Semin\u00e1rio: &#8220;Eu vim falar para voc\u00eas que eu tenho s\u00f3 que agradecer, porque hoje faz 1 ano e 2 meses que parecia que a minha vida tinha acabado. Parecia que eu vivia num deserto. Mas foi no deserto que Jesus passou. Eu fui renovada, eu estou renovada. Tem 1 ano que eu cheguei aqui em Itabuna, cheguei no Grupo de Ora\u00e7\u00e3o. E hoje eu me sinto mais forte, mais preparada conduzida pelo Esp\u00edrito Santo&#8221;<\/p>\n<p>A participante Aline tamb\u00e9m deu seu testemunho e falou sobre como o Semin\u00e1rio foi especial para ela: &#8220;O primeiro dia que tive aqui e vi o Esp\u00edrito Santo sob a minha vida, eu me vi como filho pr\u00f3digo porque eu nasci e me criei na Igreja Cat\u00f3lica mas eu me afastei, simplesmente me afastei. E no dia que o palestrante veio falar sobre o amor de Deus, ele falou que a gente tem um vazio que s\u00f3 \u00e9 preenchido por Deus. Ent\u00e3o, naquele dia eu pude experimentar o amor de Deus em minha vida, porque eu estava em crise existencial. N\u00e3o fazia sentido mais a minha vida. Eu estava praticamente no abismo. E naquele dia eu percebi o abra\u00e7o do Pai. Eu fui abra\u00e7ada por um anjo. Eu senti a for\u00e7a de Deus sobre mim. Eu chorava, e chorava, chorava, porque Ele estava dizendo: &#8216;eu sou seu Pai, voc\u00ea \u00e9 minha filha, eu habito em voc\u00ea!&#8217;. E durante esse per\u00edodo eu venho pedindo muito a Deus a revela\u00e7\u00e3o do meu dom. E atrav\u00e9s da minha ora\u00e7\u00e3o, eu tenho recebido gra\u00e7as!&#8221;.<\/p>\n<p>Na oportunidade, a Coordenadora do Grupo de Ora\u00e7\u00e3o Santa Rita de C\u00e1ssia, Maria Arcanjo, falou da <img loading=\"lazy\" decoding=\"async\" class=\"size-medium wp-image-67231 alignleft\" src=\"http:\/\/portalcatolico.net\/portal\/wp-content\/uploads\/2019\/11\/DSCN0731-300x225.jpg\" alt=\"\" width=\"300\" height=\"225\" srcset=\"https:\/\/portalcatolico.net\/portal\/wp-content\/uploads\/2019\/11\/DSCN0731-300x225.jpg 300w, https:\/\/portalcatolico.net\/portal\/wp-content\/uploads\/2019\/11\/DSCN0731-768x576.jpg 768w, https:\/\/portalcatolico.net\/portal\/wp-content\/uploads\/2019\/11\/DSCN0731-1024x768.jpg 1024w, https:\/\/portalcatolico.net\/portal\/wp-content\/uploads\/2019\/11\/DSCN0731.jpg 1500w\" sizes=\"auto, (max-width: 300px) 100vw, 300px\" \/>alegria de realizar este&nbsp;encontro e da import\u00e2ncia do evento: &#8220;A import\u00e2ncia desse encontro, que \u00e9 anual, \u00e9 trazer ovelhas novas para somar junto conosco na espiritualidade da Renova\u00e7\u00e3o Carism\u00e1tica. Hoje tivemos muitos depoimentos fortes de convers\u00e3o, de cura, de perd\u00e3o e muitos sa\u00edram na certeza que aprenderam a amar e a perdoar. N\u00f3s s\u00f3 temos a louvar e a agradecer a Deus pela escolha que essas ovelhas fizeram de escolher viver essas nove semanas com o Esp\u00edrito Santo e ser batizado com o Esp\u00edrito Santo. &#8221;<\/p>\n<p>Ao finalizar o&nbsp;Semin\u00e1rio, foi servindo um delicioso&nbsp;jantar de confraterniza\u00e7\u00e3o.<\/p>\n<p>Confira em nossa p\u00e1gina oficial no Facebook, o \u00e1lbum de fotos do evento:&nbsp;<br \/>\n<a href=\"http:\/\/www.facebook.com\/portalcatolicooficial\">www.facebook.com\/portalcatolicooficial<\/a><\/p>\n<p>&nbsp;<\/p>\n","protected":false},"excerpt":{"rendered":"<p>O Grupo de Ora\u00e7\u00e3o Santa Rita de C\u00e1ssia da Renova\u00e7\u00e3o Carism\u00e1tica Cat\u00f3lica&nbsp;(RCC) promoveu o XVIII Semin\u00e1rio de Vida no Esp\u00edrito Santo na par\u00f3quia Santa Rita de C\u00e1ssia na cidade e diocese de Itabuna, no sul da Bahia. Cerca de 47&nbsp; pessoas participaram de momentos de ora\u00e7\u00e3o, prega\u00e7\u00e3o, testemunhos, que aconteciam toda ter\u00e7a-feira. O evento finalizou&nbsp;<\/p>\n<p><a class=\"btn btn-style\" href=\"https:\/\/portalcatolico.net\/portal\/apos-nove-semanas-encerra-em-itabuna-o-xviii-seminario-de-vida-no-espirito-santo\/\">Continue Reading<\/a><\/p>\n","protected":false},"author":2,"featured_media":67230,"comment_status":"open","ping_status":"open","sticky":false,"template":"","format":"standard","meta":{"footnotes":""},"categories":[70],"tags":[],"class_list":["post-67229","post","type-post","status-publish","format-standard","has-post-thumbnail","hentry","category-testemunhos"],"_links":{"self":[{"href":"https:\/\/portalcatolico.net\/portal\/wp-json\/wp\/v2\/posts\/67229","targetHints":{"allow":["GET"]}}],"collection":[{"href":"https:\/\/portalcatolico.net\/portal\/wp-json\/wp\/v2\/posts"}],"about":[{"href":"https:\/\/portalcatolico.net\/portal\/wp-json\/wp\/v2\/types\/post"}],"author":[{"embeddable":true,"href":"https:\/\/portalcatolico.net\/portal\/wp-json\/wp\/v2\/users\/2"}],"replies":[{"embeddable":true,"href":"https:\/\/portalcatolico.net\/portal\/wp-json\/wp\/v2\/comments?post=67229"}],"version-history":[{"count":2,"href":"https:\/\/portalcatolico.net\/portal\/wp-json\/wp\/v2\/posts\/67229\/revisions"}],"predecessor-version":[{"id":67233,"href":"https:\/\/portalcatolico.net\/portal\/wp-json\/wp\/v2\/posts\/67229\/revisions\/67233"}],"wp:featuredmedia":[{"embeddable":true,"href":"https:\/\/portalcatolico.net\/portal\/wp-json\/wp\/v2\/media\/67230"}],"wp:attachment":[{"href":"https:\/\/portalcatolico.net\/portal\/wp-json\/wp\/v2\/media?parent=67229"}],"wp:term":[{"taxonomy":"category","embeddable":true,"href":"https:\/\/portalcatolico.net\/portal\/wp-json\/wp\/v2\/categories?post=67229"},{"taxonomy":"post_tag","embeddable":true,"href":"https:\/\/portalcatolico.net\/portal\/wp-json\/wp\/v2\/tags?post=67229"}],"curies":[{"name":"wp","href":"https:\/\/api.w.org\/{rel}","templated":true}]}}