{"id":67214,"date":"2019-11-05T23:08:50","date_gmt":"2019-11-06T02:08:50","guid":{"rendered":"http:\/\/portalcatolico.net\/portal\/?p=67214"},"modified":"2019-11-06T16:13:00","modified_gmt":"2019-11-06T19:13:00","slug":"jovens-e-adultos-sao-crismados-em-itororo","status":"publish","type":"post","link":"https:\/\/portalcatolico.net\/portal\/jovens-e-adultos-sao-crismados-em-itororo\/","title":{"rendered":"Jovens e adultos s\u00e3o crismados em Itoror\u00f3"},"content":{"rendered":"<div class=\"PlainText\" dir=\"auto\">Foi realizado neste domingo (03), na Par\u00f3quia Santo Ant\u00f4nio na cidade de&nbsp; Itoror\u00f3&nbsp; (Forania Norte), a Santa Missa da confirma\u00e7\u00e3o batismal (Crisma) de dezenove&nbsp; pessoas, entre jovens e adultos. A Santa Missa iniciou \u00e0s 10h e foi presidida pelo bispo Dom Carlos Alberto dos Santos e o Concelebrante foi o Padre Euvaldo Santana (p\u00e1roco).&nbsp;<\/div>\n<div class=\"PlainText\" dir=\"auto\">Os&nbsp; 20 jovens e adultos&nbsp; receberam o sacramento da Crisma na Igreja de Santo Ant\u00f4nio, na \u00e1rea<br \/>\npastoral que pertence \u00e0 Diocese de Itabuna, no sul da Bahia.<br \/>\nMomentos marcantes, como a imposi\u00e7\u00e3o das m\u00e3os sobre a cabe\u00e7a dos crismando e a un\u00e7\u00e3o com o \u00f3leo na&nbsp; fronte foram feitas pelo bispo para&nbsp;consagrar o sacramento.<\/div>\n<div dir=\"auto\">&nbsp;<\/div>\n<div dir=\"auto\">Fotos: Pastoral de Comunica\u00e7\u00e3o\/Par\u00f3quia Santo Ant\u00f4nio de Itoror\u00f3(BA)&nbsp;&nbsp;<\/div>\n<div dir=\"auto\">&nbsp;<\/div>\n<div dir=\"auto\"><img loading=\"lazy\" decoding=\"async\" class=\"alignnone size-medium wp-image-67218\" src=\"http:\/\/portalcatolico.net\/portal\/wp-content\/uploads\/2019\/11\/57bb9175-7c7b-4777-bb80-9dd9d697f279-300x169.jpg\" alt=\"\" width=\"300\" height=\"169\" srcset=\"https:\/\/portalcatolico.net\/portal\/wp-content\/uploads\/2019\/11\/57bb9175-7c7b-4777-bb80-9dd9d697f279-300x169.jpg 300w, https:\/\/portalcatolico.net\/portal\/wp-content\/uploads\/2019\/11\/57bb9175-7c7b-4777-bb80-9dd9d697f279-768x432.jpg 768w, https:\/\/portalcatolico.net\/portal\/wp-content\/uploads\/2019\/11\/57bb9175-7c7b-4777-bb80-9dd9d697f279-1024x576.jpg 1024w, https:\/\/portalcatolico.net\/portal\/wp-content\/uploads\/2019\/11\/57bb9175-7c7b-4777-bb80-9dd9d697f279.jpg 1032w\" sizes=\"auto, (max-width: 300px) 100vw, 300px\" \/> <img loading=\"lazy\" decoding=\"async\" class=\"alignnone size-medium wp-image-67220\" src=\"http:\/\/portalcatolico.net\/portal\/wp-content\/uploads\/2019\/11\/b51f8167-d8a7-439b-950b-b153e3748ea6-300x169.jpg\" alt=\"\" width=\"300\" height=\"169\" srcset=\"https:\/\/portalcatolico.net\/portal\/wp-content\/uploads\/2019\/11\/b51f8167-d8a7-439b-950b-b153e3748ea6-300x169.jpg 300w, https:\/\/portalcatolico.net\/portal\/wp-content\/uploads\/2019\/11\/b51f8167-d8a7-439b-950b-b153e3748ea6-768x432.jpg 768w, https:\/\/portalcatolico.net\/portal\/wp-content\/uploads\/2019\/11\/b51f8167-d8a7-439b-950b-b153e3748ea6-1024x576.jpg 1024w, https:\/\/portalcatolico.net\/portal\/wp-content\/uploads\/2019\/11\/b51f8167-d8a7-439b-950b-b153e3748ea6.jpg 1280w\" sizes=\"auto, (max-width: 300px) 100vw, 300px\" \/> <img loading=\"lazy\" decoding=\"async\" class=\"alignnone size-medium wp-image-67221\" src=\"http:\/\/portalcatolico.net\/portal\/wp-content\/uploads\/2019\/11\/c1585a98-9ae2-4bc4-88c6-0cd78f34e233-300x169.jpg\" alt=\"\" width=\"300\" height=\"169\" srcset=\"https:\/\/portalcatolico.net\/portal\/wp-content\/uploads\/2019\/11\/c1585a98-9ae2-4bc4-88c6-0cd78f34e233-300x169.jpg 300w, https:\/\/portalcatolico.net\/portal\/wp-content\/uploads\/2019\/11\/c1585a98-9ae2-4bc4-88c6-0cd78f34e233-768x432.jpg 768w, https:\/\/portalcatolico.net\/portal\/wp-content\/uploads\/2019\/11\/c1585a98-9ae2-4bc4-88c6-0cd78f34e233-1024x576.jpg 1024w, https:\/\/portalcatolico.net\/portal\/wp-content\/uploads\/2019\/11\/c1585a98-9ae2-4bc4-88c6-0cd78f34e233.jpg 1032w\" sizes=\"auto, (max-width: 300px) 100vw, 300px\" \/> <img loading=\"lazy\" decoding=\"async\" class=\"alignnone size-medium wp-image-67222\" src=\"http:\/\/portalcatolico.net\/portal\/wp-content\/uploads\/2019\/11\/04cc212c-986e-4047-ac44-ddd5c3b6ff96-300x169.jpg\" alt=\"\" width=\"300\" height=\"169\" srcset=\"https:\/\/portalcatolico.net\/portal\/wp-content\/uploads\/2019\/11\/04cc212c-986e-4047-ac44-ddd5c3b6ff96-300x169.jpg 300w, https:\/\/portalcatolico.net\/portal\/wp-content\/uploads\/2019\/11\/04cc212c-986e-4047-ac44-ddd5c3b6ff96-768x432.jpg 768w, https:\/\/portalcatolico.net\/portal\/wp-content\/uploads\/2019\/11\/04cc212c-986e-4047-ac44-ddd5c3b6ff96-1024x576.jpg 1024w, https:\/\/portalcatolico.net\/portal\/wp-content\/uploads\/2019\/11\/04cc212c-986e-4047-ac44-ddd5c3b6ff96.jpg 1280w\" sizes=\"auto, (max-width: 300px) 100vw, 300px\" \/><\/div>\n","protected":false},"excerpt":{"rendered":"<p>Foi realizado neste domingo (03), na Par\u00f3quia Santo Ant\u00f4nio na cidade de&nbsp; Itoror\u00f3&nbsp; (Forania Norte), a Santa Missa da confirma\u00e7\u00e3o batismal (Crisma) de dezenove&nbsp; pessoas, entre jovens e adultos. A Santa Missa iniciou \u00e0s 10h e foi presidida pelo bispo Dom Carlos Alberto dos Santos e o Concelebrante foi o Padre Euvaldo Santana (p\u00e1roco).&nbsp; Os&nbsp;&nbsp;<\/p>\n<p><a class=\"btn btn-style\" href=\"https:\/\/portalcatolico.net\/portal\/jovens-e-adultos-sao-crismados-em-itororo\/\">Continue Reading<\/a><\/p>\n","protected":false},"author":2,"featured_media":67215,"comment_status":"open","ping_status":"open","sticky":false,"template":"","format":"standard","meta":{"footnotes":""},"categories":[4],"tags":[],"class_list":["post-67214","post","type-post","status-publish","format-standard","has-post-thumbnail","hentry","category-destaques"],"_links":{"self":[{"href":"https:\/\/portalcatolico.net\/portal\/wp-json\/wp\/v2\/posts\/67214","targetHints":{"allow":["GET"]}}],"collection":[{"href":"https:\/\/portalcatolico.net\/portal\/wp-json\/wp\/v2\/posts"}],"about":[{"href":"https:\/\/portalcatolico.net\/portal\/wp-json\/wp\/v2\/types\/post"}],"author":[{"embeddable":true,"href":"https:\/\/portalcatolico.net\/portal\/wp-json\/wp\/v2\/users\/2"}],"replies":[{"embeddable":true,"href":"https:\/\/portalcatolico.net\/portal\/wp-json\/wp\/v2\/comments?post=67214"}],"version-history":[{"count":4,"href":"https:\/\/portalcatolico.net\/portal\/wp-json\/wp\/v2\/posts\/67214\/revisions"}],"predecessor-version":[{"id":67228,"href":"https:\/\/portalcatolico.net\/portal\/wp-json\/wp\/v2\/posts\/67214\/revisions\/67228"}],"wp:featuredmedia":[{"embeddable":true,"href":"https:\/\/portalcatolico.net\/portal\/wp-json\/wp\/v2\/media\/67215"}],"wp:attachment":[{"href":"https:\/\/portalcatolico.net\/portal\/wp-json\/wp\/v2\/media?parent=67214"}],"wp:term":[{"taxonomy":"category","embeddable":true,"href":"https:\/\/portalcatolico.net\/portal\/wp-json\/wp\/v2\/categories?post=67214"},{"taxonomy":"post_tag","embeddable":true,"href":"https:\/\/portalcatolico.net\/portal\/wp-json\/wp\/v2\/tags?post=67214"}],"curies":[{"name":"wp","href":"https:\/\/api.w.org\/{rel}","templated":true}]}}