{"id":67150,"date":"2019-11-01T13:13:27","date_gmt":"2019-11-01T16:13:27","guid":{"rendered":"http:\/\/portalcatolico.net\/portal\/?p=67150"},"modified":"2019-11-01T13:17:53","modified_gmt":"2019-11-01T16:17:53","slug":"fieis-da-paroquia-de-santa-rita-em-itabuna-conhecem-o-novo-paroco","status":"publish","type":"post","link":"https:\/\/portalcatolico.net\/portal\/fieis-da-paroquia-de-santa-rita-em-itabuna-conhecem-o-novo-paroco\/","title":{"rendered":"Fieis da Par\u00f3quia de Santa Rita em Itabuna conhecem o novo p\u00e1roco"},"content":{"rendered":"<p><img loading=\"lazy\" decoding=\"async\" class=\"wp-image-67152 aligncenter\" src=\"http:\/\/portalcatolico.net\/portal\/wp-content\/uploads\/2019\/11\/IMG_2677-300x200.jpg\" alt=\"\" width=\"743\" height=\"495\" srcset=\"https:\/\/portalcatolico.net\/portal\/wp-content\/uploads\/2019\/11\/IMG_2677-300x200.jpg 300w, https:\/\/portalcatolico.net\/portal\/wp-content\/uploads\/2019\/11\/IMG_2677-768x512.jpg 768w, https:\/\/portalcatolico.net\/portal\/wp-content\/uploads\/2019\/11\/IMG_2677-1024x683.jpg 1024w, https:\/\/portalcatolico.net\/portal\/wp-content\/uploads\/2019\/11\/IMG_2677.jpg 1500w\" sizes=\"auto, (max-width: 743px) 100vw, 743px\" \/><\/p>\n<p>Nesta&nbsp;quinta-feira, 31 de outubro, o Pe. Frei Gilton Oliveira foi&nbsp;apresentado aos paroquianos da&nbsp;Par\u00f3quia Santa Rita de C\u00e1ssia na cidade e diocese de Itabuna (BA).&nbsp;&nbsp;A&nbsp;igreja ficou completamente lotada! Todos querendo acolher e conhecer o futuro&nbsp;p\u00e1roco.<img loading=\"lazy\" decoding=\"async\" class=\"alignnone wp-image-67154\" src=\"http:\/\/portalcatolico.net\/portal\/wp-content\/uploads\/2019\/11\/DSCN0621-300x225.jpg\" alt=\"\" width=\"738\" height=\"554\" srcset=\"https:\/\/portalcatolico.net\/portal\/wp-content\/uploads\/2019\/11\/DSCN0621-300x225.jpg 300w, https:\/\/portalcatolico.net\/portal\/wp-content\/uploads\/2019\/11\/DSCN0621-768x576.jpg 768w, https:\/\/portalcatolico.net\/portal\/wp-content\/uploads\/2019\/11\/DSCN0621-1024x768.jpg 1024w, https:\/\/portalcatolico.net\/portal\/wp-content\/uploads\/2019\/11\/DSCN0621.jpg 1500w\" sizes=\"auto, (max-width: 738px) 100vw, 738px\" \/><\/p>\n<p>O Pe. Frei Gilton Oliveira exercer\u00e1 a fun\u00e7\u00e3o de p\u00e1roco,&nbsp;conduzindo e pastoreando a por\u00e7\u00e3o do povo de Deus presente no&nbsp;bairro S\u00e3o Caetano e em mais quatro comunidades situadas em bairros&nbsp;diferentes.<\/p>\n<p>A posse can\u00f4nica acontecer\u00e1 no dia 18 de novembro \u00e0s 19h,na&nbsp;igreja matriz e o religioso vai substituir o Padre Frei Jos\u00e9 Genilton&nbsp;Costa que foi transferido para a Par\u00f3quia S\u00e3o Judas Tadeu na cidade e&nbsp;Arquidiocese de Aracaju (SE). Por\u00e9m, Frei Genilton informou ao Frei Gilton que n\u00e3o vai participar da posse.<\/p>\n<p>O Pe. Frei Gilton Oliveira, pertencente \u00e0 Ordem dos&nbsp;Frades Capuchinhos&nbsp;de Bahia e Sergipe, foi acolhido em experi\u00eancia da Par\u00f3quia S\u00e3o Cosme e S\u00e3o Dami\u00e3o da Arquidiocese de Aracaju.<br \/>\nA Santa Missa foi presidida pelo Pe. Frei Jos\u00e9 Genilton (p\u00e1roco) e&nbsp;concelebrada pelos Frades Capuchinhos Pe. Frei Gilton Oliveira e Frei&nbsp;Carlos In\u00e1cio. Ao t\u00e9rmino, o Frei Gilton Oliveira&nbsp; dirigiu algumas&nbsp; palavra de&nbsp;agradecimento a todos os presentes e manifestou sua alegria em servir \u00e0quela comunidade paroquial.<\/p>\n<p>Frei Genilton aproveitou a oportunidade para convidar os paroquianos&nbsp;amigos e devotos da santa, para sua \u00faltima missa de despedida, que ser\u00e1 dia 14 de novembro \u00e1s 19h.<br \/>\nFrei Gilton Oliveira chega definitivamente no dia 14\/11, pois o mesmo vai&nbsp;participar da Assembleia Diocesana de Pastoral que se realizar\u00e1&nbsp; nos dias 15, 16 e 17 de novembro, no Centro Pastoral Diocesano de Itabuna.<\/p>\n<p>Todas as quatro&nbsp; comunidades foram apresentadas ao Frei Gilton Oliveira, por&nbsp;Frei Genilton, no final da celebra\u00e7\u00e3o. O atual p\u00e1roco ainda falou dos eventos e das obras constru\u00eddas por ele com a colabora\u00e7\u00e3o&nbsp; de todos os&nbsp;paroquianos e devotos, como por exemplo: a constru\u00e7\u00e3o da Gruta de Nossa Senhora de Lourdes (no jardim da Igreja), uma nova secretaria paroquial,&nbsp;est\u00e1tua do Cristo Redentor que foi erguida no estacionamento da igreja,&nbsp;reforma do piso da igreja, compra e reforma da&nbsp;R\u00e1dio Interativa FM, pintura da igreja e das comunidades, constru\u00e7\u00e3o da comunidade S\u00e3o Paulo Ap\u00f3stolo do bairro Novo S\u00e3o Caetano,&nbsp;entre outras.<\/p>\n<p>Fotos:Acervo\/Portal Cat\u00f3lico.Net<\/p>\n<p><img loading=\"lazy\" decoding=\"async\" class=\"alignnone size-medium wp-image-67157\" src=\"http:\/\/portalcatolico.net\/portal\/wp-content\/uploads\/2019\/11\/DSCN0631-300x225.jpg\" alt=\"\" width=\"300\" height=\"225\" srcset=\"https:\/\/portalcatolico.net\/portal\/wp-content\/uploads\/2019\/11\/DSCN0631-300x225.jpg 300w, https:\/\/portalcatolico.net\/portal\/wp-content\/uploads\/2019\/11\/DSCN0631-768x576.jpg 768w, https:\/\/portalcatolico.net\/portal\/wp-content\/uploads\/2019\/11\/DSCN0631-1024x768.jpg 1024w, https:\/\/portalcatolico.net\/portal\/wp-content\/uploads\/2019\/11\/DSCN0631.jpg 1500w\" sizes=\"auto, (max-width: 300px) 100vw, 300px\" \/> <img loading=\"lazy\" decoding=\"async\" class=\"alignnone  wp-image-67158\" src=\"http:\/\/portalcatolico.net\/portal\/wp-content\/uploads\/2019\/11\/IMG_2671-300x200.jpg\" alt=\"\" width=\"329\" height=\"219\" srcset=\"https:\/\/portalcatolico.net\/portal\/wp-content\/uploads\/2019\/11\/IMG_2671-300x200.jpg 300w, https:\/\/portalcatolico.net\/portal\/wp-content\/uploads\/2019\/11\/IMG_2671-768x512.jpg 768w, https:\/\/portalcatolico.net\/portal\/wp-content\/uploads\/2019\/11\/IMG_2671-1024x683.jpg 1024w, https:\/\/portalcatolico.net\/portal\/wp-content\/uploads\/2019\/11\/IMG_2671.jpg 1500w\" sizes=\"auto, (max-width: 329px) 100vw, 329px\" \/> <img loading=\"lazy\" decoding=\"async\" class=\"alignnone size-medium wp-image-67159\" src=\"http:\/\/portalcatolico.net\/portal\/wp-content\/uploads\/2019\/11\/IMG_2685-300x200.jpg\" alt=\"\" width=\"300\" height=\"200\" srcset=\"https:\/\/portalcatolico.net\/portal\/wp-content\/uploads\/2019\/11\/IMG_2685-300x200.jpg 300w, https:\/\/portalcatolico.net\/portal\/wp-content\/uploads\/2019\/11\/IMG_2685-768x512.jpg 768w, https:\/\/portalcatolico.net\/portal\/wp-content\/uploads\/2019\/11\/IMG_2685-1024x683.jpg 1024w, https:\/\/portalcatolico.net\/portal\/wp-content\/uploads\/2019\/11\/IMG_2685.jpg 1500w\" sizes=\"auto, (max-width: 300px) 100vw, 300px\" \/> <img loading=\"lazy\" decoding=\"async\" class=\"alignnone  wp-image-67161\" src=\"http:\/\/portalcatolico.net\/portal\/wp-content\/uploads\/2019\/11\/IMG_2691-300x200.jpg\" alt=\"\" width=\"320\" height=\"213\" srcset=\"https:\/\/portalcatolico.net\/portal\/wp-content\/uploads\/2019\/11\/IMG_2691-300x200.jpg 300w, https:\/\/portalcatolico.net\/portal\/wp-content\/uploads\/2019\/11\/IMG_2691-768x512.jpg 768w, https:\/\/portalcatolico.net\/portal\/wp-content\/uploads\/2019\/11\/IMG_2691-1024x683.jpg 1024w, https:\/\/portalcatolico.net\/portal\/wp-content\/uploads\/2019\/11\/IMG_2691.jpg 1500w\" sizes=\"auto, (max-width: 320px) 100vw, 320px\" \/><\/p>\n","protected":false},"excerpt":{"rendered":"<p>Nesta&nbsp;quinta-feira, 31 de outubro, o Pe. Frei Gilton Oliveira foi&nbsp;apresentado aos paroquianos da&nbsp;Par\u00f3quia Santa Rita de C\u00e1ssia na cidade e diocese de Itabuna (BA).&nbsp;&nbsp;A&nbsp;igreja ficou completamente lotada! Todos querendo acolher e conhecer o futuro&nbsp;p\u00e1roco. O Pe. Frei Gilton Oliveira exercer\u00e1 a fun\u00e7\u00e3o de p\u00e1roco,&nbsp;conduzindo e pastoreando a por\u00e7\u00e3o do povo de Deus presente no&nbsp;bairro S\u00e3o&nbsp;<\/p>\n<p><a class=\"btn btn-style\" href=\"https:\/\/portalcatolico.net\/portal\/fieis-da-paroquia-de-santa-rita-em-itabuna-conhecem-o-novo-paroco\/\">Continue Reading<\/a><\/p>\n","protected":false},"author":2,"featured_media":67151,"comment_status":"open","ping_status":"open","sticky":false,"template":"","format":"standard","meta":{"footnotes":""},"categories":[4],"tags":[],"class_list":["post-67150","post","type-post","status-publish","format-standard","has-post-thumbnail","hentry","category-destaques"],"_links":{"self":[{"href":"https:\/\/portalcatolico.net\/portal\/wp-json\/wp\/v2\/posts\/67150","targetHints":{"allow":["GET"]}}],"collection":[{"href":"https:\/\/portalcatolico.net\/portal\/wp-json\/wp\/v2\/posts"}],"about":[{"href":"https:\/\/portalcatolico.net\/portal\/wp-json\/wp\/v2\/types\/post"}],"author":[{"embeddable":true,"href":"https:\/\/portalcatolico.net\/portal\/wp-json\/wp\/v2\/users\/2"}],"replies":[{"embeddable":true,"href":"https:\/\/portalcatolico.net\/portal\/wp-json\/wp\/v2\/comments?post=67150"}],"version-history":[{"count":4,"href":"https:\/\/portalcatolico.net\/portal\/wp-json\/wp\/v2\/posts\/67150\/revisions"}],"predecessor-version":[{"id":67162,"href":"https:\/\/portalcatolico.net\/portal\/wp-json\/wp\/v2\/posts\/67150\/revisions\/67162"}],"wp:featuredmedia":[{"embeddable":true,"href":"https:\/\/portalcatolico.net\/portal\/wp-json\/wp\/v2\/media\/67151"}],"wp:attachment":[{"href":"https:\/\/portalcatolico.net\/portal\/wp-json\/wp\/v2\/media?parent=67150"}],"wp:term":[{"taxonomy":"category","embeddable":true,"href":"https:\/\/portalcatolico.net\/portal\/wp-json\/wp\/v2\/categories?post=67150"},{"taxonomy":"post_tag","embeddable":true,"href":"https:\/\/portalcatolico.net\/portal\/wp-json\/wp\/v2\/tags?post=67150"}],"curies":[{"name":"wp","href":"https:\/\/api.w.org\/{rel}","templated":true}]}}