{"id":67065,"date":"2019-10-26T07:21:56","date_gmt":"2019-10-26T10:21:56","guid":{"rendered":"http:\/\/portalcatolico.net\/portal\/?p=67065"},"modified":"2019-10-26T07:21:56","modified_gmt":"2019-10-26T10:21:56","slug":"municipio-de-candeias-espera-receber-11-mil-fieis-em-romaria-ao-santuario-nossa-senhora-das-candeias","status":"publish","type":"post","link":"https:\/\/portalcatolico.net\/portal\/municipio-de-candeias-espera-receber-11-mil-fieis-em-romaria-ao-santuario-nossa-senhora-das-candeias\/","title":{"rendered":"Munic\u00edpio de Candeias espera receber 11 mil fieis em romaria ao Santu\u00e1rio Nossa Senhora das Candeias"},"content":{"rendered":"<p>Os fi\u00e9is da Regi\u00e3o Metropolitana de Salvador (RMS) se preparam no pr\u00f3ximo domingo (27) para participar de mais uma romaria em dire\u00e7\u00e3o ao Santu\u00e1rio Nossa Senhora das Candeias. A a\u00e7\u00e3o faz parte da 8\u00aa edi\u00e7\u00e3o da Peregrina\u00e7\u00e3o F\u00e9 e Luz e acontecer\u00e1 em Candeias, com expectativa de receber&nbsp;<strong>aproximadamente 11 mil fieis ao Santu\u00e1rio Nossa Senhora das Candeias.&nbsp;<\/strong>Em quase 130 anos de devo\u00e7\u00e3o \u00e0 Nossa Senhora das Candeias, a cidade \u00e9 um dos maiores centros do turismo religioso do Estado da Bahia, com visita\u00e7\u00e3o tamb\u00e9m \u00e0 Fonte dos Milagres.<\/p>\n<p>O evento, promovido pela Diocese de Cama\u00e7ari em comunh\u00e3o com a Par\u00f3quia Nossa Senhora das Candeias, tem como&nbsp;<strong>tema<\/strong><strong>&nbsp;\u201cCom Nossa Senhora das Candeias e Santa Dulce dos Pobres, Caminhamos na Estrada de Jesus\u201d, que faz refer\u00eancia a canoniza\u00e7\u00e3o de Irm\u00e3 Dulce e a celebra\u00e7\u00e3o do Ano Diocesano Eucar\u00edstico. A novidade deste ano ser\u00e1 a imagem de Santa Dulce dos Pobres que ser\u00e1 trazida em carro aberto a acompanhada pela imagem de Nossa Senhora das Candeias.<\/strong><\/p>\n<p>A romaria reunir\u00e1 25 par\u00f3quias dos munic\u00edpios de Candeias, Cama\u00e7ari, Dias D\u2019\u00c1vila, Madre de Deus, S\u00e3o Francisco do Conde, S\u00e3o Sebasti\u00e3o do Pass\u00e9, Sim\u00f5es Filho e Terra Nova e percorrer\u00e1&nbsp;<strong>um trecho de quatro quil\u00f4metros em dire\u00e7\u00e3o ao Santu\u00e1rio Nossa Senhora das Candeias, localizada no centro da cidade<\/strong>.<\/p>\n<p>A concentra\u00e7\u00e3o ser\u00e1 \u00e0s 6h, na rodovia BA-523, em frente \u00e0 Prefeitura Municipal de Candeias, localizada no bairro Ouro Negro. Antes da caminhada acontecer\u00e1 a santa missa, \u00e0s 6h30, presidida pelo bispo diocesano, Dom Jo\u00e3o Carlos Petrini. Logo ap\u00f3s a celebra\u00e7\u00e3o, bandas cat\u00f3licas, em cima de um trio el\u00e9trico, animar\u00e3o os fi\u00e9is durante o trajeto. O encerramento ocorrer\u00e1 na Pra\u00e7a Nossa Senhora das Candeias, com a ben\u00e7\u00e3o do Sant\u00edssimo Sacramento.<\/p>\n<p>Durante a caminhada, parte das rodovias BA-522 e 523, que liga Candeias ao munic\u00edpio de S\u00e3o Sebasti\u00e3o do Pass\u00e9 e a BR-324, ser\u00e1 interditada para facilitar o deslocamento dos fieis.&nbsp;<strong>Cerca de 2 mil estar\u00e3o envolvidas no apoio aos fieis.&nbsp;<\/strong>Nas \u00faltimas edi\u00e7\u00f5es, o evento contou com a participa\u00e7\u00e3o de aproximadamente 70 mil fi\u00e9is, sendo 10 mil (2012); 13 mil (2013), 15 mil (2014 e 2015) e 11 mil (2016, 2017 e 2018).<\/p>\n<p><strong>SANTU\u00c1RIO<\/strong><\/p>\n<p>Constru\u00eddo no final do s\u00e9culo XVIII, o Santu\u00e1rio de Nossa Senhora das Candeias \u00e9 um lugar de grande devo\u00e7\u00e3o a Virgem Maria. A Igreja Matriz de Nossa Senhora das Candeias foi elevada \u00e0 condi\u00e7\u00e3o de Santu\u00e1rio diocesano em fevereiro de 2014, reconhecida pelo Vaticano. Voltado para a Ba\u00eda de Todos os Santos, o Santu\u00e1rio \u00e9 um local de grande peregrina\u00e7\u00e3o de romeiros de todo o lugar do Brasil, que buscam curas e b\u00ean\u00e7\u00e3os atrav\u00e9s da \u00e1gua milagrosa da Fonte dos Milagres.<\/p>\n<p><strong>NOVEN\u00c1RIO<\/strong><\/p>\n<p>O Noven\u00e1rio em honra a Nossa Senhora das Candeias \u00e9 a principal festa cat\u00f3lica da Regi\u00e3o Metropolitana de Salvador. Os festejos acontecem entre os dias 24 de janeiro e 3 de fevereiro e re\u00fane cerca de 7 mil pessoas por noite na pra\u00e7a que leva o nome da Santa. A Assembleia Legislativa da Bahia aprovou, em novembro de 2017, o Projeto de Lei n\u00ba 22.336\/2017 que inclui as festividades de Nossa Senhora das Candeias no calend\u00e1rio oficial das festas populares da Bahia. Com a aprova\u00e7\u00e3o, os festejos contam com apoio da BahiaTursa.(Bahia Di\u00e1rio)<\/p>\n<p><strong>Fotos: Divulga\u00e7\u00e3o- Pastoral da Comunica\u00e7\u00e3o- Santu\u00e1rio Nossa Senhora das Candeias(BA)<\/strong><\/p>\n","protected":false},"excerpt":{"rendered":"<p>Os fi\u00e9is da Regi\u00e3o Metropolitana de Salvador (RMS) se preparam no pr\u00f3ximo domingo (27) para participar de mais uma romaria em dire\u00e7\u00e3o ao Santu\u00e1rio Nossa Senhora das Candeias. A a\u00e7\u00e3o faz parte da 8\u00aa edi\u00e7\u00e3o da Peregrina\u00e7\u00e3o F\u00e9 e Luz e acontecer\u00e1 em Candeias, com expectativa de receber&nbsp;aproximadamente 11 mil fieis ao Santu\u00e1rio Nossa Senhora&nbsp;<\/p>\n<p><a class=\"btn btn-style\" href=\"https:\/\/portalcatolico.net\/portal\/municipio-de-candeias-espera-receber-11-mil-fieis-em-romaria-ao-santuario-nossa-senhora-das-candeias\/\">Continue Reading<\/a><\/p>\n","protected":false},"author":2,"featured_media":67066,"comment_status":"open","ping_status":"open","sticky":false,"template":"","format":"standard","meta":{"footnotes":""},"categories":[4],"tags":[],"class_list":["post-67065","post","type-post","status-publish","format-standard","has-post-thumbnail","hentry","category-destaques"],"_links":{"self":[{"href":"https:\/\/portalcatolico.net\/portal\/wp-json\/wp\/v2\/posts\/67065","targetHints":{"allow":["GET"]}}],"collection":[{"href":"https:\/\/portalcatolico.net\/portal\/wp-json\/wp\/v2\/posts"}],"about":[{"href":"https:\/\/portalcatolico.net\/portal\/wp-json\/wp\/v2\/types\/post"}],"author":[{"embeddable":true,"href":"https:\/\/portalcatolico.net\/portal\/wp-json\/wp\/v2\/users\/2"}],"replies":[{"embeddable":true,"href":"https:\/\/portalcatolico.net\/portal\/wp-json\/wp\/v2\/comments?post=67065"}],"version-history":[{"count":1,"href":"https:\/\/portalcatolico.net\/portal\/wp-json\/wp\/v2\/posts\/67065\/revisions"}],"predecessor-version":[{"id":67067,"href":"https:\/\/portalcatolico.net\/portal\/wp-json\/wp\/v2\/posts\/67065\/revisions\/67067"}],"wp:featuredmedia":[{"embeddable":true,"href":"https:\/\/portalcatolico.net\/portal\/wp-json\/wp\/v2\/media\/67066"}],"wp:attachment":[{"href":"https:\/\/portalcatolico.net\/portal\/wp-json\/wp\/v2\/media?parent=67065"}],"wp:term":[{"taxonomy":"category","embeddable":true,"href":"https:\/\/portalcatolico.net\/portal\/wp-json\/wp\/v2\/categories?post=67065"},{"taxonomy":"post_tag","embeddable":true,"href":"https:\/\/portalcatolico.net\/portal\/wp-json\/wp\/v2\/tags?post=67065"}],"curies":[{"name":"wp","href":"https:\/\/api.w.org\/{rel}","templated":true}]}}