{"id":67043,"date":"2019-10-24T19:08:03","date_gmt":"2019-10-24T22:08:03","guid":{"rendered":"http:\/\/portalcatolico.net\/portal\/?p=67043"},"modified":"2019-10-24T19:08:03","modified_gmt":"2019-10-24T22:08:03","slug":"padroeiro-dos-funcionarios-publicos-sao-judas-tadeu-recebe-homenagens-em-santuario-de-salvador","status":"publish","type":"post","link":"https:\/\/portalcatolico.net\/portal\/padroeiro-dos-funcionarios-publicos-sao-judas-tadeu-recebe-homenagens-em-santuario-de-salvador\/","title":{"rendered":"Padroeiro dos funcion\u00e1rios p\u00fablicos, S\u00e3o Judas Tadeu recebe homenagens em Santu\u00e1rio de Salvador"},"content":{"rendered":"<p>\u00c0 luz do tema \u201cS\u00e3o Judas Tadeu, mission\u00e1rio de Jesus Cristo, presente no cora\u00e7\u00e3o da Igreja\u201d e do lema \u201cTodo crist\u00e3o tem uma miss\u00e3o: anunciar o Evangelho\u201d, o Santu\u00e1rio Cristo Rei e S\u00e3o Judas Tadeu, localizado no bairro de Baixa de Quintas, realiza noven\u00e1rio preparat\u00f3rio para a festa do padroeiro dos funcion\u00e1rios p\u00fablicos. O noven\u00e1rio, que teve in\u00edcio no dia 19, segue at\u00e9 o dia 27 de outubro, sempre \u00e0s 19h, na Matriz.<\/p>\n<p>No dia festivo (28), a programa\u00e7\u00e3o contar\u00e1 com Missas \u00e0s 6h30, \u00e0s 10h, \u00e0s 12h, \u00e0s 14h30 e \u00e0s 16h. O ponto alto dos festejos ser\u00e1 a Missa Solene presidida pelo bispo auxiliar da Arquidiocese de Salvador, Dom Estevam dos Santos Silva Filho.<\/p>\n<p>Por volta das 17h, a comunidade participar\u00e1 da \u00faltima Missa, que ser\u00e1 seguida de prociss\u00e3o com a imagem de S\u00e3o Judas pelas principais ruas do bairro: Ladeira do Ypiranga, Rua 1\u00ba de Dezembro, Rua 7 de Janeiro, retornando pela Ladeira do Ypiranga at\u00e9 o Santu\u00e1rio, onde os fi\u00e9is receber\u00e3o a B\u00ean\u00e7\u00e3o com o Sant\u00edssimo Sacramento. O encerramento ser\u00e1 coordenado pela juventude paroquial que far\u00e1 momentos de louvor em cima do mini trio.<\/p>\n<p>Fonte: Arquidiocese de Salvador(BA)<\/p>\n","protected":false},"excerpt":{"rendered":"<p>\u00c0 luz do tema \u201cS\u00e3o Judas Tadeu, mission\u00e1rio de Jesus Cristo, presente no cora\u00e7\u00e3o da Igreja\u201d e do lema \u201cTodo crist\u00e3o tem uma miss\u00e3o: anunciar o Evangelho\u201d, o Santu\u00e1rio Cristo Rei e S\u00e3o Judas Tadeu, localizado no bairro de Baixa de Quintas, realiza noven\u00e1rio preparat\u00f3rio para a festa do padroeiro dos funcion\u00e1rios p\u00fablicos. O noven\u00e1rio,&nbsp;<\/p>\n<p><a class=\"btn btn-style\" href=\"https:\/\/portalcatolico.net\/portal\/padroeiro-dos-funcionarios-publicos-sao-judas-tadeu-recebe-homenagens-em-santuario-de-salvador\/\">Continue Reading<\/a><\/p>\n","protected":false},"author":2,"featured_media":67044,"comment_status":"open","ping_status":"open","sticky":false,"template":"","format":"standard","meta":{"footnotes":""},"categories":[1],"tags":[],"class_list":["post-67043","post","type-post","status-publish","format-standard","has-post-thumbnail","hentry","category-agenda"],"_links":{"self":[{"href":"https:\/\/portalcatolico.net\/portal\/wp-json\/wp\/v2\/posts\/67043","targetHints":{"allow":["GET"]}}],"collection":[{"href":"https:\/\/portalcatolico.net\/portal\/wp-json\/wp\/v2\/posts"}],"about":[{"href":"https:\/\/portalcatolico.net\/portal\/wp-json\/wp\/v2\/types\/post"}],"author":[{"embeddable":true,"href":"https:\/\/portalcatolico.net\/portal\/wp-json\/wp\/v2\/users\/2"}],"replies":[{"embeddable":true,"href":"https:\/\/portalcatolico.net\/portal\/wp-json\/wp\/v2\/comments?post=67043"}],"version-history":[{"count":1,"href":"https:\/\/portalcatolico.net\/portal\/wp-json\/wp\/v2\/posts\/67043\/revisions"}],"predecessor-version":[{"id":67045,"href":"https:\/\/portalcatolico.net\/portal\/wp-json\/wp\/v2\/posts\/67043\/revisions\/67045"}],"wp:featuredmedia":[{"embeddable":true,"href":"https:\/\/portalcatolico.net\/portal\/wp-json\/wp\/v2\/media\/67044"}],"wp:attachment":[{"href":"https:\/\/portalcatolico.net\/portal\/wp-json\/wp\/v2\/media?parent=67043"}],"wp:term":[{"taxonomy":"category","embeddable":true,"href":"https:\/\/portalcatolico.net\/portal\/wp-json\/wp\/v2\/categories?post=67043"},{"taxonomy":"post_tag","embeddable":true,"href":"https:\/\/portalcatolico.net\/portal\/wp-json\/wp\/v2\/tags?post=67043"}],"curies":[{"name":"wp","href":"https:\/\/api.w.org\/{rel}","templated":true}]}}