{"id":67022,"date":"2019-10-24T04:30:35","date_gmt":"2019-10-24T07:30:35","guid":{"rendered":"http:\/\/portalcatolico.net\/portal\/?p=67022"},"modified":"2019-10-24T06:07:27","modified_gmt":"2019-10-24T09:07:27","slug":"padre-ednaldo-tomara-posse-em-sao-jose-da-vitoria","status":"publish","type":"post","link":"https:\/\/portalcatolico.net\/portal\/padre-ednaldo-tomara-posse-em-sao-jose-da-vitoria\/","title":{"rendered":"Padre Ednaldo tomar\u00e1  posse em S\u00e3o Jos\u00e9 da Vit\u00f3ria"},"content":{"rendered":"<div class=\"PlainText\">A Par\u00f3quia S\u00e3o Jos\u00e9 situada em S\u00e3o Jos\u00e9 da Vit\u00f3ria, tem a honra de convidar voc\u00ea para a santa missa presidida pelo Exmo. Revmo. Dom Carlos Alberto dos Santos, bispo diocesano da diocese de Itabuna (BA), na qual tomar\u00e1 posse e ser\u00e1 acolhido pela comunidade e amigos, o Padre Ednaldo Martins dos Santos.<\/div>\n<div class=\"PlainText\">A Celebra\u00e7\u00e3o Eucar\u00edstica e Cerim\u00f4nia de Posse Can\u00f4nica do Padre Martins acontecer\u00e1 \u00e0s 19h, do dia 29 de outubro. Participe!<\/div>\n<div>&nbsp;<\/div>\n<div>Foto:Acervo\/Portal Cat\u00f3lico.Net<\/div>\n","protected":false},"excerpt":{"rendered":"<p>A Par\u00f3quia S\u00e3o Jos\u00e9 situada em S\u00e3o Jos\u00e9 da Vit\u00f3ria, tem a honra de convidar voc\u00ea para a santa missa presidida pelo Exmo. Revmo. Dom Carlos Alberto dos Santos, bispo diocesano da diocese de Itabuna (BA), na qual tomar\u00e1 posse e ser\u00e1 acolhido pela comunidade e amigos, o Padre Ednaldo Martins dos Santos. A Celebra\u00e7\u00e3o&nbsp;<\/p>\n<p><a class=\"btn btn-style\" href=\"https:\/\/portalcatolico.net\/portal\/padre-ednaldo-tomara-posse-em-sao-jose-da-vitoria\/\">Continue Reading<\/a><\/p>\n","protected":false},"author":2,"featured_media":67023,"comment_status":"open","ping_status":"open","sticky":false,"template":"","format":"standard","meta":{"footnotes":""},"categories":[2],"tags":[],"class_list":["post-67022","post","type-post","status-publish","format-standard","has-post-thumbnail","hentry","category-eventos"],"_links":{"self":[{"href":"https:\/\/portalcatolico.net\/portal\/wp-json\/wp\/v2\/posts\/67022","targetHints":{"allow":["GET"]}}],"collection":[{"href":"https:\/\/portalcatolico.net\/portal\/wp-json\/wp\/v2\/posts"}],"about":[{"href":"https:\/\/portalcatolico.net\/portal\/wp-json\/wp\/v2\/types\/post"}],"author":[{"embeddable":true,"href":"https:\/\/portalcatolico.net\/portal\/wp-json\/wp\/v2\/users\/2"}],"replies":[{"embeddable":true,"href":"https:\/\/portalcatolico.net\/portal\/wp-json\/wp\/v2\/comments?post=67022"}],"version-history":[{"count":2,"href":"https:\/\/portalcatolico.net\/portal\/wp-json\/wp\/v2\/posts\/67022\/revisions"}],"predecessor-version":[{"id":67042,"href":"https:\/\/portalcatolico.net\/portal\/wp-json\/wp\/v2\/posts\/67022\/revisions\/67042"}],"wp:featuredmedia":[{"embeddable":true,"href":"https:\/\/portalcatolico.net\/portal\/wp-json\/wp\/v2\/media\/67023"}],"wp:attachment":[{"href":"https:\/\/portalcatolico.net\/portal\/wp-json\/wp\/v2\/media?parent=67022"}],"wp:term":[{"taxonomy":"category","embeddable":true,"href":"https:\/\/portalcatolico.net\/portal\/wp-json\/wp\/v2\/categories?post=67022"},{"taxonomy":"post_tag","embeddable":true,"href":"https:\/\/portalcatolico.net\/portal\/wp-json\/wp\/v2\/tags?post=67022"}],"curies":[{"name":"wp","href":"https:\/\/api.w.org\/{rel}","templated":true}]}}