{"id":66926,"date":"2019-10-18T05:54:36","date_gmt":"2019-10-18T08:54:36","guid":{"rendered":"http:\/\/portalcatolico.net\/portal\/?p=66926"},"modified":"2019-10-18T05:58:31","modified_gmt":"2019-10-18T08:58:31","slug":"paroquias-em-itabuna-recebem-a-cruz-peregrina","status":"publish","type":"post","link":"https:\/\/portalcatolico.net\/portal\/paroquias-em-itabuna-recebem-a-cruz-peregrina\/","title":{"rendered":"Par\u00f3quias em Itabuna recebem a Cruz Peregrina"},"content":{"rendered":"<p><img loading=\"lazy\" decoding=\"async\" class=\"size-medium wp-image-66929 alignleft\" src=\"http:\/\/portalcatolico.net\/portal\/wp-content\/uploads\/2019\/10\/a1210b3b-53c7-415b-a439-46eb46cbda08-225x300.jpg\" alt=\"\" width=\"225\" height=\"300\" srcset=\"https:\/\/portalcatolico.net\/portal\/wp-content\/uploads\/2019\/10\/a1210b3b-53c7-415b-a439-46eb46cbda08-225x300.jpg 225w, https:\/\/portalcatolico.net\/portal\/wp-content\/uploads\/2019\/10\/a1210b3b-53c7-415b-a439-46eb46cbda08-768x1024.jpg 768w, https:\/\/portalcatolico.net\/portal\/wp-content\/uploads\/2019\/10\/a1210b3b-53c7-415b-a439-46eb46cbda08.jpg 780w\" sizes=\"auto, (max-width: 225px) 100vw, 225px\" \/>A cruz \u00e9 o grande s\u00edmbolo para o M\u00eas Mission\u00e1rio Extraordin\u00e1rio que todas as Dioceses do Brasil receberam, na Assembleia Geral do Episcopado Brasileiro, para incentivarem as a\u00e7\u00f5es mission\u00e1rias, bem como peregrinar por par\u00f3quias e comunidades em todo o territ\u00f3rio nacional.<\/p>\n<p>A cruz \u00e9 um sinal que continua inspirando a evangeliza\u00e7\u00e3o dos povos e animando a espiritualidade da a\u00e7\u00e3o mission\u00e1ria. Trata-se de acontecimento eclesial de grande import\u00e2ncia que abrange todas as<br \/>\nConfer\u00eancias Episcopais, os membros dos institutos de vida consagrada, as sociedades da vida apost\u00f3lica, as associa\u00e7\u00f5es e movimentos eclesiais.<\/p>\n<p>Nesta quinta-feira, 17 de outubro, a Cruz Peregrina chegou \u00e0 par\u00f3quia Santa Rita de C\u00e1ssia no bairro S\u00e3o Caetano, \u00e0s 9h, vindo da par\u00f3quia Nossa Senhora da Piedade do bairro Maria Pinheiro. Nesta sexta-feira (18), a cruz seguir\u00e1 para a par\u00f3quia Nossa Senhora da Concei\u00e7\u00e3o do bairro Ferradas.<br \/>\nVale ressaltar que a Cruz Peregrina est\u00e1 percorrendo todas as 33 paroquias da diocese de Itabuna e passar\u00e1 por todas as&nbsp; dioceses do Brasil<br \/>\n&nbsp;<br \/>\nPara dar continuidade aos congressos mission\u00e1rios em \u00e2mbito de Am\u00e9rica e Brasil, a cruz mission\u00e1ria ser\u00e1 o grande s\u00edmbolo para a prepara\u00e7\u00e3o do M\u00eas Mission\u00e1rio Extraordin\u00e1rio convocado pelo Papa Francisco para outubro de 2019 com objetivo de &#8220;despertar em medida maior a consci\u00eancia da missio ad gentes e retomar com novo impulso a transforma\u00e7\u00e3o mission\u00e1ria da vida e da pastoral&#8221;.<br \/>\nNo dia 9 de julho de 2015, o Papa Francisco aben\u00e7oou 40 cruzes mission\u00e1rias em sua visita na Bol\u00edvia, e as entregou a cada pa\u00eds da Am\u00e9rica como forma prepara\u00e7\u00e3o ao 5\u00ba Congresso Mission\u00e1rio Americano (CAM5) que aconteceu em julho de 2018.<\/p>\n<p>Sobre o processo de prepara\u00e7\u00e3o (outubro de 2018 a outubro 2019), diz o Papa: &#8220;Podemos nos preparar convenientemente para M\u00eas Mission\u00e1rio Extraordin\u00e1rio j\u00e1 atrav\u00e9s do m\u00eas mission\u00e1rio de outubro de 2018, de modo que todos os fi\u00e9is tenham verdadeiramente a peito o an\u00fancio do Evangelho e a transforma\u00e7\u00e3o das suas comunidades em realidades mission\u00e1rias e evangelizadoras; e aumente o amor pela miss\u00e3o, que &#8220;\u00e9 uma paix\u00e3o por Jesus e, simultaneamente, uma paix\u00e3o pelo seu povo&#8221; (Carta do Papa Francisco ao Cardeal Filoni, 22 de outubro de 2017).<\/p>\n<p>Vale ressaltar que&nbsp; a cruz mission\u00e1ria original destinada ao Brasil se encontra na&nbsp;responsabilidade das Pontif\u00edcias Obras Mission\u00e1rias(POM) de Bras\u00edlia (DF).<br \/>\n<strong>Conhe\u00e7a a Cruz Mission\u00e1ria:<\/strong><br \/>\n1) A haste est\u00e1 em forma de espiral ascendente. Recorda o movimento caracter\u00edstico da miss\u00e3o que parte<img loading=\"lazy\" decoding=\"async\" class=\" wp-image-66931 alignright\" src=\"http:\/\/portalcatolico.net\/portal\/wp-content\/uploads\/2019\/10\/cruz-2-234x300.png\" alt=\"\" width=\"150\" height=\"192\" srcset=\"https:\/\/portalcatolico.net\/portal\/wp-content\/uploads\/2019\/10\/cruz-2-234x300.png 234w, https:\/\/portalcatolico.net\/portal\/wp-content\/uploads\/2019\/10\/cruz-2.png 400w\" sizes=\"auto, (max-width: 150px) 100vw, 150px\" \/> da encarna\u00e7\u00e3o em dire\u00e7\u00e3o a P\u00e1scoa de Jesus, crucificado e ressuscitado que ilumina e transformando a<br \/>\nrealidade.<br \/>\n2) Os cravos, testemunham o mart\u00edrio de Jesus na Cruz.<br \/>\n3) As flores que brotam da cruz, representam a vida nova que nasce da P\u00e1scoa de Jesus Cristo. Em meio a dor e sofrimento, Deus se manifesta e faz ressurgir a esperan\u00e7a e alegria do Evangelho.<br \/>\n4) A inscri\u00e7\u00e3o IHS, significa: Jesus, Filho de Deus, Salvador dos Homens.<br \/>\n5) Rel\u00edquia de Santa Nazaria Ignacia, fundadora de uma congrega\u00e7\u00e3o religiosa mission\u00e1ria na Bol\u00edvia.<\/p>\n<p>&nbsp;<\/p>\n","protected":false},"excerpt":{"rendered":"<p>A cruz \u00e9 o grande s\u00edmbolo para o M\u00eas Mission\u00e1rio Extraordin\u00e1rio que todas as Dioceses do Brasil receberam, na Assembleia Geral do Episcopado Brasileiro, para incentivarem as a\u00e7\u00f5es mission\u00e1rias, bem como peregrinar por par\u00f3quias e comunidades em todo o territ\u00f3rio nacional. A cruz \u00e9 um sinal que continua inspirando a evangeliza\u00e7\u00e3o dos povos e animando&nbsp;<\/p>\n<p><a class=\"btn btn-style\" href=\"https:\/\/portalcatolico.net\/portal\/paroquias-em-itabuna-recebem-a-cruz-peregrina\/\">Continue Reading<\/a><\/p>\n","protected":false},"author":2,"featured_media":66927,"comment_status":"open","ping_status":"open","sticky":false,"template":"","format":"standard","meta":{"footnotes":""},"categories":[4],"tags":[],"class_list":["post-66926","post","type-post","status-publish","format-standard","has-post-thumbnail","hentry","category-destaques"],"_links":{"self":[{"href":"https:\/\/portalcatolico.net\/portal\/wp-json\/wp\/v2\/posts\/66926","targetHints":{"allow":["GET"]}}],"collection":[{"href":"https:\/\/portalcatolico.net\/portal\/wp-json\/wp\/v2\/posts"}],"about":[{"href":"https:\/\/portalcatolico.net\/portal\/wp-json\/wp\/v2\/types\/post"}],"author":[{"embeddable":true,"href":"https:\/\/portalcatolico.net\/portal\/wp-json\/wp\/v2\/users\/2"}],"replies":[{"embeddable":true,"href":"https:\/\/portalcatolico.net\/portal\/wp-json\/wp\/v2\/comments?post=66926"}],"version-history":[{"count":4,"href":"https:\/\/portalcatolico.net\/portal\/wp-json\/wp\/v2\/posts\/66926\/revisions"}],"predecessor-version":[{"id":66933,"href":"https:\/\/portalcatolico.net\/portal\/wp-json\/wp\/v2\/posts\/66926\/revisions\/66933"}],"wp:featuredmedia":[{"embeddable":true,"href":"https:\/\/portalcatolico.net\/portal\/wp-json\/wp\/v2\/media\/66927"}],"wp:attachment":[{"href":"https:\/\/portalcatolico.net\/portal\/wp-json\/wp\/v2\/media?parent=66926"}],"wp:term":[{"taxonomy":"category","embeddable":true,"href":"https:\/\/portalcatolico.net\/portal\/wp-json\/wp\/v2\/categories?post=66926"},{"taxonomy":"post_tag","embeddable":true,"href":"https:\/\/portalcatolico.net\/portal\/wp-json\/wp\/v2\/tags?post=66926"}],"curies":[{"name":"wp","href":"https:\/\/api.w.org\/{rel}","templated":true}]}}