{"id":66908,"date":"2019-10-16T00:44:22","date_gmt":"2019-10-16T03:44:22","guid":{"rendered":"http:\/\/portalcatolico.net\/portal\/?p=66908"},"modified":"2019-10-16T21:45:35","modified_gmt":"2019-10-17T00:45:35","slug":"arquidiocese-de-salvador-decreta-a-criacao-dos-primeiros-santuario-e-paroquia-do-mundo-dedicados-a-santa-dulce-dos-pobres","status":"publish","type":"post","link":"https:\/\/portalcatolico.net\/portal\/arquidiocese-de-salvador-decreta-a-criacao-dos-primeiros-santuario-e-paroquia-do-mundo-dedicados-a-santa-dulce-dos-pobres\/","title":{"rendered":"Arquidiocese de Salvador decreta a cria\u00e7\u00e3o dos primeiros santu\u00e1rio e par\u00f3quia do mundo dedicados \u00e0 Santa Dulce dos Pobres"},"content":{"rendered":"<p>Milhares de fi\u00e9is passaram a noite em vig\u00edlia, no Santu\u00e1rio da Imaculada Concei\u00e7\u00e3o da M\u00e3e de Deus, no Largo de Roma, \u00e0 espera do momento em que poderiam comemorar a canoniza\u00e7\u00e3o de Irm\u00e3 Dulce. A vig\u00edlia teve in\u00edcio \u00e0s 22h do dia 12 de outubro, com Missa presidida pelo bispo auxiliar, Dom Marco Eug\u00eanio Galr\u00e3o Leite de Almeida, e seguiu at\u00e9 \u00e0s 5h com momentos de louvor, prega\u00e7\u00e3o, anima\u00e7\u00e3o e adora\u00e7\u00e3o ao Sant\u00edssimo Sacramento.<\/p>\n<p>\u201cA santidade de Irm\u00e3 Dulce \u00e9 algo que \u00e9 colocado nela, pela gra\u00e7a de Deus, desde o momento do Batismo. Apenas ela, na sua liberdade, cooperou plenamente com essa gra\u00e7a. E isso o que a Igreja hoje, em todo o universo, reconhece: que ela, abrindo o seu cora\u00e7\u00e3o, a sua liberdade e a sua humanidade, entregando-se totalmente na sua mis\u00e9ria e na sua pobreza, permitiu com que a gra\u00e7a de Deus revelasse nela todo o valor, toda a gl\u00f3ria e toda a for\u00e7a do poder da morte e da ressurrei\u00e7\u00e3o do Senhor\u201d, afirmou Dom Marco.<\/p>\n<p>Assim que Irm\u00e3 Dulce foi elevada, como Santa, \u00e0 honra dos altares, Dom Marco leu o Decreto que confere ao Santu\u00e1rio o t\u00edtulo de Santu\u00e1rio Arquidiocesano Santa Dulce dos Pobres&nbsp;<a href=\"https:\/\/www.youtube.com\/watch?v=dMbjYPaCjn0&amp;feature=youtu.be\"><strong>[Clique aqui]<\/strong>.&nbsp;<\/a>\u201cCom a mudan\u00e7a no nome do santu\u00e1rio, a gente vai viver agora o que a gente viveu a vida toda. Este santu\u00e1rio foi colocado em nome de Nossa Senhora da Imaculada Concei\u00e7\u00e3o, por uma quest\u00e3o de o santu\u00e1rio n\u00e3o poder ter o nome de uma beata.&nbsp; S\u00f3 uma santa, que \u00e9 universalmente conhecida, poderia trazer o nome. Hoje \u00e9 um dia muito feliz e este decreto \u00e9 proclamado e aquele que sempre foi chamado pelo povo de Santu\u00e1rio de Irm\u00e3 Dulce passa a ser Santu\u00e1rio Santa Dulce dos Pobres\u201d, disse Dom Marco.<\/p>\n<figure id=\"attachment_86556\" class=\"wp-caption alignright\" style=\"width: 719px;\" aria-describedby=\"caption-attachment-86556\"><a href=\"https:\/\/arquidiocesesalvador.org.br\/wp-content\/uploads\/sites\/114\/2019\/10\/DSC_0501.jpg\"><img loading=\"lazy\" decoding=\"async\" class=\" wp-image-86556\" src=\"https:\/\/arquidiocesesalvador.org.br\/wp-content\/uploads\/sites\/114\/2019\/10\/DSC_0501-300x200.jpg\" sizes=\"auto, (max-width: 300px) 100vw, 300px\" srcset=\"https:\/\/arquidiocesesalvador.org.br\/wp-content\/uploads\/sites\/114\/2019\/10\/DSC_0501-300x200.jpg 300w, https:\/\/arquidiocesesalvador.org.br\/wp-content\/uploads\/sites\/114\/2019\/10\/DSC_0501-768x512.jpg 768w, https:\/\/arquidiocesesalvador.org.br\/wp-content\/uploads\/sites\/114\/2019\/10\/DSC_0501-750x500.jpg 750w, https:\/\/arquidiocesesalvador.org.br\/wp-content\/uploads\/sites\/114\/2019\/10\/DSC_0501-610x407.jpg 610w, https:\/\/arquidiocesesalvador.org.br\/wp-content\/uploads\/sites\/114\/2019\/10\/DSC_0501-414x276.jpg 414w, https:\/\/arquidiocesesalvador.org.br\/wp-content\/uploads\/sites\/114\/2019\/10\/DSC_0501-470x313.jpg 470w, https:\/\/arquidiocesesalvador.org.br\/wp-content\/uploads\/sites\/114\/2019\/10\/DSC_0501-640x426.jpg 640w, https:\/\/arquidiocesesalvador.org.br\/wp-content\/uploads\/sites\/114\/2019\/10\/DSC_0501-130x86.jpg 130w, https:\/\/arquidiocesesalvador.org.br\/wp-content\/uploads\/sites\/114\/2019\/10\/DSC_0501-187x124.jpg 187w, https:\/\/arquidiocesesalvador.org.br\/wp-content\/uploads\/sites\/114\/2019\/10\/DSC_0501-990x660.jpg 990w, https:\/\/arquidiocesesalvador.org.br\/wp-content\/uploads\/sites\/114\/2019\/10\/DSC_0501.jpg 1000w\" alt=\"\" width=\"719\" height=\"479\"><\/a><figcaption id=\"caption-attachment-86556\" class=\"wp-caption-text\">Rel\u00edquia de primeiro grau foi entronizada na primeira par\u00f3quia do mundo dedicada \u00e1 Santa Dulce dos Pobres<\/figcaption><\/figure>\n<p>No bairro do Saboeiro, onde foi criada a primeira par\u00f3quia do mundo dedicada \u00e0 Santa Dulce dos Pobres, o Decreto foi lido \u00e0s 7h30 pelo vig\u00e1rio for\u00e2neo, padre Carlos Agusto, em Missa presidida pelo bispo auxiliar, Dom Estevam dos Santos Silva Filho&nbsp;<strong><a href=\"https:\/\/www.youtube.com\/watch?v=XoOJogSVtcw&amp;feature=youtu.be\">[Clique aqui]<\/a><\/strong>. Os fi\u00e9is que l\u00e1 estavam desde \u00e0s 4h30 tamb\u00e9m comemoraram a cria\u00e7\u00e3o. \u201cN\u00f3s queremos homenagear esta santa baiana, amiga de todos os baianos. A leitura do decreto significa que, a partir de agora, a Arquidiocese de S\u00e3o Salvador da Bahia j\u00e1 tem uma par\u00f3quia dedicada \u00e0 Santa Dulce dos Pobres\u201d, afirmou Dom Estevam.<\/p>\n<p>Ap\u00f3s a leitura do Decreto, uma rel\u00edquia da Santa Dulce dos Pobres foi entronizada. \u201cAs rel\u00edquias de primeiro grau s\u00e3o fragmentos de uma parte do corpo, neste caso dos ossos da Santa Dulce dos Pobres. As Igrejas, desde o in\u00edcio, j\u00e1 tinham&nbsp; essa tradi\u00e7\u00e3o. \u00c9 uma forma de dizer: \u2018n\u00f3s estamos muito pr\u00f3ximos deste santo ou dessa santa\u2019, e aqui em Salvador, onde tanta gente foi muito pr\u00f3xima de Irm\u00e3 Dulce, \u00e9 muito bonito e simb\u00f3lico ter essa rel\u00edquia aqui, nesta primeira par\u00f3quia do mundo dedicada \u00e0 Santa Dulce dos Pobres\u201d, explicou Dom Estevam<\/p>\n<p>Para conduzir as atividades paroquiais, o p\u00e1roco da Par\u00f3quia Ceia do Senhor e Santo Andr\u00e9 Ap\u00f3stolo, Lafaiete Santana de S\u00e1, tomou posse, temporariamente, como administrador paroquial. Em breve, o padre M\u00e1rcio Augusto Silva de Souza ser\u00e1 nomeado como o primeiro p\u00e1roco da Par\u00f3quia Santa Dulce dos Pobres.<\/p>\n<p>Texto e fotos: Sara Gomes\/Arquidiocese de Salvador(BA)<\/p>\n<p>&nbsp;<\/p>\n","protected":false},"excerpt":{"rendered":"<p>Milhares de fi\u00e9is passaram a noite em vig\u00edlia, no Santu\u00e1rio da Imaculada Concei\u00e7\u00e3o da M\u00e3e de Deus, no Largo de Roma, \u00e0 espera do momento em que poderiam comemorar a canoniza\u00e7\u00e3o de Irm\u00e3 Dulce. A vig\u00edlia teve in\u00edcio \u00e0s 22h do dia 12 de outubro, com Missa presidida pelo bispo auxiliar, Dom Marco Eug\u00eanio Galr\u00e3o&nbsp;<\/p>\n<p><a class=\"btn btn-style\" href=\"https:\/\/portalcatolico.net\/portal\/arquidiocese-de-salvador-decreta-a-criacao-dos-primeiros-santuario-e-paroquia-do-mundo-dedicados-a-santa-dulce-dos-pobres\/\">Continue Reading<\/a><\/p>\n","protected":false},"author":2,"featured_media":66909,"comment_status":"open","ping_status":"open","sticky":false,"template":"","format":"standard","meta":{"footnotes":""},"categories":[4],"tags":[],"class_list":["post-66908","post","type-post","status-publish","format-standard","has-post-thumbnail","hentry","category-destaques"],"_links":{"self":[{"href":"https:\/\/portalcatolico.net\/portal\/wp-json\/wp\/v2\/posts\/66908","targetHints":{"allow":["GET"]}}],"collection":[{"href":"https:\/\/portalcatolico.net\/portal\/wp-json\/wp\/v2\/posts"}],"about":[{"href":"https:\/\/portalcatolico.net\/portal\/wp-json\/wp\/v2\/types\/post"}],"author":[{"embeddable":true,"href":"https:\/\/portalcatolico.net\/portal\/wp-json\/wp\/v2\/users\/2"}],"replies":[{"embeddable":true,"href":"https:\/\/portalcatolico.net\/portal\/wp-json\/wp\/v2\/comments?post=66908"}],"version-history":[{"count":1,"href":"https:\/\/portalcatolico.net\/portal\/wp-json\/wp\/v2\/posts\/66908\/revisions"}],"predecessor-version":[{"id":66910,"href":"https:\/\/portalcatolico.net\/portal\/wp-json\/wp\/v2\/posts\/66908\/revisions\/66910"}],"wp:featuredmedia":[{"embeddable":true,"href":"https:\/\/portalcatolico.net\/portal\/wp-json\/wp\/v2\/media\/66909"}],"wp:attachment":[{"href":"https:\/\/portalcatolico.net\/portal\/wp-json\/wp\/v2\/media?parent=66908"}],"wp:term":[{"taxonomy":"category","embeddable":true,"href":"https:\/\/portalcatolico.net\/portal\/wp-json\/wp\/v2\/categories?post=66908"},{"taxonomy":"post_tag","embeddable":true,"href":"https:\/\/portalcatolico.net\/portal\/wp-json\/wp\/v2\/tags?post=66908"}],"curies":[{"name":"wp","href":"https:\/\/api.w.org\/{rel}","templated":true}]}}