{"id":66887,"date":"2019-10-16T11:08:53","date_gmt":"2019-10-16T14:08:53","guid":{"rendered":"http:\/\/portalcatolico.net\/portal\/?p=66887"},"modified":"2019-10-16T11:09:14","modified_gmt":"2019-10-16T14:09:14","slug":"triduo-e-festa-do-padroeiro-sao-paulo-da-cruz-em-itabuna","status":"publish","type":"post","link":"https:\/\/portalcatolico.net\/portal\/triduo-e-festa-do-padroeiro-sao-paulo-da-cruz-em-itabuna\/","title":{"rendered":"Tr\u00edduo  e Festa do Padroeiro S\u00e3o Paulo da Cruz em Itabuna"},"content":{"rendered":"<p>A Par\u00f3quia Santa Maria Goretti na cidade de Itabuna (BA) celebra, no per\u00edodo de 16 a 19 de outubro, o Tr\u00edduo e a Festa em honra \u00e0 S\u00e3o Paulo da Cruz, Pai&nbsp;fundador dos religiosos padres Passionistas.<\/p>\n<p>Os padres Adilson Santana,&nbsp;CP, (p\u00e1roco) e&nbsp; Roberto Luiz, CP,&nbsp; contam com a sua presen\u00e7a.<br \/>\n<strong>Confira a programa\u00e7\u00e3o no cartaz.<\/strong><\/p>\n<p><img loading=\"lazy\" decoding=\"async\" class=\"alignnone wp-image-66888\" src=\"http:\/\/portalcatolico.net\/portal\/wp-content\/uploads\/2019\/10\/DSCN0368-300x225.jpg\" alt=\"\" width=\"744\" height=\"558\" srcset=\"https:\/\/portalcatolico.net\/portal\/wp-content\/uploads\/2019\/10\/DSCN0368-300x225.jpg 300w, https:\/\/portalcatolico.net\/portal\/wp-content\/uploads\/2019\/10\/DSCN0368-768x576.jpg 768w, https:\/\/portalcatolico.net\/portal\/wp-content\/uploads\/2019\/10\/DSCN0368-1024x768.jpg 1024w, https:\/\/portalcatolico.net\/portal\/wp-content\/uploads\/2019\/10\/DSCN0368.jpg 1500w\" sizes=\"auto, (max-width: 744px) 100vw, 744px\" \/><\/p>\n","protected":false},"excerpt":{"rendered":"<p>A Par\u00f3quia Santa Maria Goretti na cidade de Itabuna (BA) celebra, no per\u00edodo de 16 a 19 de outubro, o Tr\u00edduo e a Festa em honra \u00e0 S\u00e3o Paulo da Cruz, Pai&nbsp;fundador dos religiosos padres Passionistas. Os padres Adilson Santana,&nbsp;CP, (p\u00e1roco) e&nbsp; Roberto Luiz, CP,&nbsp; contam com a sua presen\u00e7a. Confira a programa\u00e7\u00e3o no cartaz.<\/p>\n","protected":false},"author":2,"featured_media":66868,"comment_status":"open","ping_status":"open","sticky":false,"template":"","format":"standard","meta":{"footnotes":""},"categories":[4],"tags":[],"class_list":["post-66887","post","type-post","status-publish","format-standard","has-post-thumbnail","hentry","category-destaques"],"_links":{"self":[{"href":"https:\/\/portalcatolico.net\/portal\/wp-json\/wp\/v2\/posts\/66887","targetHints":{"allow":["GET"]}}],"collection":[{"href":"https:\/\/portalcatolico.net\/portal\/wp-json\/wp\/v2\/posts"}],"about":[{"href":"https:\/\/portalcatolico.net\/portal\/wp-json\/wp\/v2\/types\/post"}],"author":[{"embeddable":true,"href":"https:\/\/portalcatolico.net\/portal\/wp-json\/wp\/v2\/users\/2"}],"replies":[{"embeddable":true,"href":"https:\/\/portalcatolico.net\/portal\/wp-json\/wp\/v2\/comments?post=66887"}],"version-history":[{"count":1,"href":"https:\/\/portalcatolico.net\/portal\/wp-json\/wp\/v2\/posts\/66887\/revisions"}],"predecessor-version":[{"id":66889,"href":"https:\/\/portalcatolico.net\/portal\/wp-json\/wp\/v2\/posts\/66887\/revisions\/66889"}],"wp:featuredmedia":[{"embeddable":true,"href":"https:\/\/portalcatolico.net\/portal\/wp-json\/wp\/v2\/media\/66868"}],"wp:attachment":[{"href":"https:\/\/portalcatolico.net\/portal\/wp-json\/wp\/v2\/media?parent=66887"}],"wp:term":[{"taxonomy":"category","embeddable":true,"href":"https:\/\/portalcatolico.net\/portal\/wp-json\/wp\/v2\/categories?post=66887"},{"taxonomy":"post_tag","embeddable":true,"href":"https:\/\/portalcatolico.net\/portal\/wp-json\/wp\/v2\/tags?post=66887"}],"curies":[{"name":"wp","href":"https:\/\/api.w.org\/{rel}","templated":true}]}}