{"id":66879,"date":"2019-10-16T11:01:24","date_gmt":"2019-10-16T14:01:24","guid":{"rendered":"http:\/\/portalcatolico.net\/portal\/?p=66879"},"modified":"2019-10-16T11:05:27","modified_gmt":"2019-10-16T14:05:27","slug":"cerco-de-jerico-acontece-em-itabuna","status":"publish","type":"post","link":"https:\/\/portalcatolico.net\/portal\/cerco-de-jerico-acontece-em-itabuna\/","title":{"rendered":"Cerco de Jeric\u00f3 acontece em Itabuna"},"content":{"rendered":"<p><img loading=\"lazy\" decoding=\"async\" class=\"size-medium wp-image-66884 alignleft\" src=\"http:\/\/portalcatolico.net\/portal\/wp-content\/uploads\/2019\/10\/DSCN0430-300x225.jpg\" alt=\"\" width=\"300\" height=\"225\" srcset=\"https:\/\/portalcatolico.net\/portal\/wp-content\/uploads\/2019\/10\/DSCN0430-300x225.jpg 300w, https:\/\/portalcatolico.net\/portal\/wp-content\/uploads\/2019\/10\/DSCN0430-768x576.jpg 768w, https:\/\/portalcatolico.net\/portal\/wp-content\/uploads\/2019\/10\/DSCN0430-1024x768.jpg 1024w, https:\/\/portalcatolico.net\/portal\/wp-content\/uploads\/2019\/10\/DSCN0430.jpg 1500w\" sizes=\"auto, (max-width: 300px) 100vw, 300px\" \/><\/p>\n<p>O Grupo de Ora\u00e7\u00e3o Comunidade de Maria (RCC) da Par\u00f3quia Santa Maria Goretti, situada no bairro Mangabinha&nbsp; em Itabuna (BA), deu in\u00edcio no 10 de outubro, o Cerco de Jeric\u00f3 sendo, sempre \u00e1s ter\u00e7a-feira \u00e0s 19h30,na Igreja Matriz.<\/p>\n<p>O tema&nbsp; central \u00e9: &#8220;\u00c9 se&nbsp;aproximando de Deus que as muralhas cair\u00e3o&#8221;.<br \/>\nNesta ter\u00e7a-feira (15), o subtema da segunda semana nesta ter\u00e7a-feira&nbsp;foi:&#8221; Senhor torna-me forte e corajoso (a) afastando todo o medo do meu&nbsp; cora\u00e7\u00e3o&#8221;.<br \/>\nO Cerco de Jeric\u00f3 esta sendo composto de ora\u00e7\u00e3o, louvor, momento de consagra\u00e7\u00e3o \u00e0 Nossa Senhora, momento de adora\u00e7\u00e3o a Jesus na h\u00f3stia consagrada e b\u00ean\u00e7\u00e3o do Sant\u00edssimo Sacramento. O Cerco de Jeric\u00f3 \u00e9 uma campanha de sete dias e sete noites ininterruptas de ora\u00e7\u00e3o diante do Sant\u00edssimo Sacramento.<br \/>\n<img loading=\"lazy\" decoding=\"async\" class=\"size-medium wp-image-66885 alignright\" src=\"http:\/\/portalcatolico.net\/portal\/wp-content\/uploads\/2019\/10\/DSCN0404-300x225.jpg\" alt=\"\" width=\"300\" height=\"225\" srcset=\"https:\/\/portalcatolico.net\/portal\/wp-content\/uploads\/2019\/10\/DSCN0404-300x225.jpg 300w, https:\/\/portalcatolico.net\/portal\/wp-content\/uploads\/2019\/10\/DSCN0404-768x576.jpg 768w, https:\/\/portalcatolico.net\/portal\/wp-content\/uploads\/2019\/10\/DSCN0404-1024x768.jpg 1024w, https:\/\/portalcatolico.net\/portal\/wp-content\/uploads\/2019\/10\/DSCN0404.jpg 1500w\" sizes=\"auto, (max-width: 300px) 100vw, 300px\" \/>Visitantes, oriundos de par\u00f3quias vizinhas, tamb\u00e9m podem buscar no Cerco de Jeric\u00f3, a gra\u00e7a de Deus e o sustento para sua vida espiritual. O intuito \u00e9 levar aos fi\u00e9is momentos de f\u00e9 e louvor, inspirados na passagem b\u00edblica do Antigo Testamento, em que Josu\u00e9 e seus seguidores, mediante um cerco de sete dias em torno das muralhas da cidade de Jeric\u00f3, sob forte ora\u00e7\u00e3o e ordens de Deus, acabam por ver as muralhas destru\u00eddas e conseguem tomar a cidade (Josu\u00e9 6, 1-20).<\/p>\n<p>Nos dias atuais os fi\u00e9is colocam-se diante de Jesus presente no Sant\u00edssimo Sacramento e, confiantes no poder da ora\u00e7\u00e3o, pedem que Ele derrube as muralhas que os impedem de tomar posse de uma vida mais santa e feliz.<br \/>\nAs datas para o Cerco de Jeric\u00f3: 22\/10, 29\/10, 05\/11, 12\/11 e 19\/11. Participe!<\/p>\n","protected":false},"excerpt":{"rendered":"<p>O Grupo de Ora\u00e7\u00e3o Comunidade de Maria (RCC) da Par\u00f3quia Santa Maria Goretti, situada no bairro Mangabinha&nbsp; em Itabuna (BA), deu in\u00edcio no 10 de outubro, o Cerco de Jeric\u00f3 sendo, sempre \u00e1s ter\u00e7a-feira \u00e0s 19h30,na Igreja Matriz. O tema&nbsp; central \u00e9: &#8220;\u00c9 se&nbsp;aproximando de Deus que as muralhas cair\u00e3o&#8221;. Nesta ter\u00e7a-feira (15), o subtema&nbsp;<\/p>\n<p><a class=\"btn btn-style\" href=\"https:\/\/portalcatolico.net\/portal\/cerco-de-jerico-acontece-em-itabuna\/\">Continue Reading<\/a><\/p>\n","protected":false},"author":2,"featured_media":66881,"comment_status":"open","ping_status":"open","sticky":false,"template":"","format":"standard","meta":{"footnotes":""},"categories":[4],"tags":[],"class_list":["post-66879","post","type-post","status-publish","format-standard","has-post-thumbnail","hentry","category-destaques"],"_links":{"self":[{"href":"https:\/\/portalcatolico.net\/portal\/wp-json\/wp\/v2\/posts\/66879","targetHints":{"allow":["GET"]}}],"collection":[{"href":"https:\/\/portalcatolico.net\/portal\/wp-json\/wp\/v2\/posts"}],"about":[{"href":"https:\/\/portalcatolico.net\/portal\/wp-json\/wp\/v2\/types\/post"}],"author":[{"embeddable":true,"href":"https:\/\/portalcatolico.net\/portal\/wp-json\/wp\/v2\/users\/2"}],"replies":[{"embeddable":true,"href":"https:\/\/portalcatolico.net\/portal\/wp-json\/wp\/v2\/comments?post=66879"}],"version-history":[{"count":3,"href":"https:\/\/portalcatolico.net\/portal\/wp-json\/wp\/v2\/posts\/66879\/revisions"}],"predecessor-version":[{"id":66886,"href":"https:\/\/portalcatolico.net\/portal\/wp-json\/wp\/v2\/posts\/66879\/revisions\/66886"}],"wp:featuredmedia":[{"embeddable":true,"href":"https:\/\/portalcatolico.net\/portal\/wp-json\/wp\/v2\/media\/66881"}],"wp:attachment":[{"href":"https:\/\/portalcatolico.net\/portal\/wp-json\/wp\/v2\/media?parent=66879"}],"wp:term":[{"taxonomy":"category","embeddable":true,"href":"https:\/\/portalcatolico.net\/portal\/wp-json\/wp\/v2\/categories?post=66879"},{"taxonomy":"post_tag","embeddable":true,"href":"https:\/\/portalcatolico.net\/portal\/wp-json\/wp\/v2\/tags?post=66879"}],"curies":[{"name":"wp","href":"https:\/\/api.w.org\/{rel}","templated":true}]}}