{"id":66872,"date":"2019-10-16T00:22:21","date_gmt":"2019-10-16T03:22:21","guid":{"rendered":"http:\/\/portalcatolico.net\/portal\/?p=66872"},"modified":"2019-10-15T14:22:54","modified_gmt":"2019-10-15T17:22:54","slug":"2a-edicao-do-sopro-da-vida-acontece-no-fim-de-semana-em-itabuna-participe","status":"publish","type":"post","link":"https:\/\/portalcatolico.net\/portal\/2a-edicao-do-sopro-da-vida-acontece-no-fim-de-semana-em-itabuna-participe\/","title":{"rendered":"2\u00aa edi\u00e7\u00e3o do Sopro da Vida acontece no fim de semana em Itabuna. Participe!"},"content":{"rendered":"<p>A 2\u00aa edi\u00e7\u00e3o do Sopro da Vida est\u00e1 sendo organizado pelo Grupo de da RCC de S\u00e3o Miguel Arcanjo da Par\u00f3quia Nossa Senhora de F\u00e1tima em Itabuna (BA). O evento vai acontecer nos&nbsp;dias 19 e 20&nbsp; de outubro, no Centro Pastoral da&nbsp;Par\u00f3quia que fica&nbsp; Localizado na Rua Francisco Ferreira bairro Jo\u00e3o<br \/>\nSoares.<\/p>\n<p>O tema central do evento que ser\u00e1 refletido \u00e9: &#8220;O amor de Deus foi derramado em nossos cora\u00e7\u00f5es pelo Espirito Santo que nos foi dado&#8221; (RM 5,5) e o subtema ser\u00e1: &#8220;Fazei tudo que Ele vos disser&#8221;.<br \/>\nSer\u00e3o dois dias com m\u00fasica, louvor, ora\u00e7\u00e3o por cura e liberta\u00e7\u00e3o,adora\u00e7\u00e3o, missa, prega\u00e7\u00e3o, espa\u00e7o para as crian\u00e7as, entre outros momentos de evangeliza\u00e7\u00e3o.<br \/>\nO evento j\u00e1 tem as presen\u00e7as confirmadas dos padres: Pe. Ezequias Gon\u00e7alves (da par\u00f3quia Nossa Senhora Aparecida e assessor eclesi\u00e1stico da RCC da Diocese de Itabuna), Pe. Nicolau Klak (p\u00e1roco da par\u00f3quia Nossa Senhora de F\u00e1tima e vig\u00e1rio geral da diocese), o Pe. Monsenhor&nbsp; Nicolau Klak (p\u00e1roco da igreja matriz de Nossa Senhora de F\u00e1tima).<\/p>\n<p>&nbsp;Os pregadores s\u00e3o:&nbsp;Amistron Lira(Presidente da Renova\u00e7\u00e3o Carism\u00e1tica Cat\u00f3lica &#8220;RCC&#8221; da&nbsp;Diocese), Thamires S. Rocha (Grupo de Ora\u00e7\u00e3o da Par\u00f3quia de S\u00e3o Jos\u00e9 na cidade de Una), Paulo Cesar (RCC da par\u00f3quia S\u00e3o Sebasti\u00e3o na cidade de Camac\u00e3).<\/p>\n<p>A anima\u00e7\u00e3o fica por conta dos Minist\u00e9rios de M\u00fasicas: Comunidade Rainha da Paz, Minist\u00e9rio de M\u00fasica da RCC S\u00e3o Miguel Arcanjo, entre outros.&nbsp;<\/p>\n<p>As inscri\u00e7\u00f5es podem ser feitas na secretaria da par\u00f3quia, no telefone (73) 3212-2635 ou com servos do Grupo Ora\u00e7\u00e3o S\u00e3o Miguel, no dia do evento.<br \/>\nA organiza\u00e7\u00e3o \u00e9 do Grupo de Ora\u00e7\u00e3o S\u00e3o Miguel Arcanjo, com o apoio da Par\u00f3quia Nossa Senhora de F\u00e1tima.<\/p>\n","protected":false},"excerpt":{"rendered":"<p>A 2\u00aa edi\u00e7\u00e3o do Sopro da Vida est\u00e1 sendo organizado pelo Grupo de da RCC de S\u00e3o Miguel Arcanjo da Par\u00f3quia Nossa Senhora de F\u00e1tima em Itabuna (BA). O evento vai acontecer nos&nbsp;dias 19 e 20&nbsp; de outubro, no Centro Pastoral da&nbsp;Par\u00f3quia que fica&nbsp; Localizado na Rua Francisco Ferreira bairro Jo\u00e3o Soares. O tema central&nbsp;<\/p>\n<p><a class=\"btn btn-style\" href=\"https:\/\/portalcatolico.net\/portal\/2a-edicao-do-sopro-da-vida-acontece-no-fim-de-semana-em-itabuna-participe\/\">Continue Reading<\/a><\/p>\n","protected":false},"author":2,"featured_media":66873,"comment_status":"open","ping_status":"open","sticky":false,"template":"","format":"standard","meta":{"footnotes":""},"categories":[3],"tags":[],"class_list":["post-66872","post","type-post","status-publish","format-standard","has-post-thumbnail","hentry","category-noticias_regionais"],"_links":{"self":[{"href":"https:\/\/portalcatolico.net\/portal\/wp-json\/wp\/v2\/posts\/66872","targetHints":{"allow":["GET"]}}],"collection":[{"href":"https:\/\/portalcatolico.net\/portal\/wp-json\/wp\/v2\/posts"}],"about":[{"href":"https:\/\/portalcatolico.net\/portal\/wp-json\/wp\/v2\/types\/post"}],"author":[{"embeddable":true,"href":"https:\/\/portalcatolico.net\/portal\/wp-json\/wp\/v2\/users\/2"}],"replies":[{"embeddable":true,"href":"https:\/\/portalcatolico.net\/portal\/wp-json\/wp\/v2\/comments?post=66872"}],"version-history":[{"count":1,"href":"https:\/\/portalcatolico.net\/portal\/wp-json\/wp\/v2\/posts\/66872\/revisions"}],"predecessor-version":[{"id":66874,"href":"https:\/\/portalcatolico.net\/portal\/wp-json\/wp\/v2\/posts\/66872\/revisions\/66874"}],"wp:featuredmedia":[{"embeddable":true,"href":"https:\/\/portalcatolico.net\/portal\/wp-json\/wp\/v2\/media\/66873"}],"wp:attachment":[{"href":"https:\/\/portalcatolico.net\/portal\/wp-json\/wp\/v2\/media?parent=66872"}],"wp:term":[{"taxonomy":"category","embeddable":true,"href":"https:\/\/portalcatolico.net\/portal\/wp-json\/wp\/v2\/categories?post=66872"},{"taxonomy":"post_tag","embeddable":true,"href":"https:\/\/portalcatolico.net\/portal\/wp-json\/wp\/v2\/tags?post=66872"}],"curies":[{"name":"wp","href":"https:\/\/api.w.org\/{rel}","templated":true}]}}