{"id":66713,"date":"2019-10-08T00:30:40","date_gmt":"2019-10-08T03:30:40","guid":{"rendered":"http:\/\/portalcatolico.net\/portal\/?p=66713"},"modified":"2019-10-07T21:38:42","modified_gmt":"2019-10-08T00:38:42","slug":"salvador-tera-a-primeira-paroquia-e-o-primeiro-santuario-do-mundo-dedicados-a-futura-santa-dulce-dos-pobres","status":"publish","type":"post","link":"https:\/\/portalcatolico.net\/portal\/salvador-tera-a-primeira-paroquia-e-o-primeiro-santuario-do-mundo-dedicados-a-futura-santa-dulce-dos-pobres\/","title":{"rendered":"Salvador ter\u00e1 a primeira par\u00f3quia e o primeiro santu\u00e1rio do mundo dedicados \u00e0 futura Santa Dulce dos Pobres"},"content":{"rendered":"<p>No pr\u00f3ximo domingo (13), Irm\u00e3 Dulce ser\u00e1 proclamada Santa Dulce dos Pobres, em celebra\u00e7\u00e3o presidida pelo Papa Francisco, no Vaticano. Neste mesmo dia, em Salvador, ser\u00e3o criados a Par\u00f3quia Santa Dulce dos Pobres e o Santu\u00e1rio Santa Dulce dos Pobres, que ser\u00e3o os primeiros do mundo dedicados a ela.<\/p>\n<p><strong>&nbsp;<\/strong><strong>Par\u00f3quia Santa Dulce dos Pobres<\/strong> \u2013 localizada no bairro do Saboeiro, em Salvador, a primeira par\u00f3quia do mundo dedicada \u00e0 Santa Dulce dos Pobres ser\u00e1 formada por sete comunidades e a matriz paroquial ser\u00e1 a atual Capela Sant\u00edssima Trindade (Rua Silveira Martins, n. 32, Saboeiro). A cria\u00e7\u00e3o da nova par\u00f3quia ser\u00e1 \u00e0s 7h30 do dia 13 de outubro \u2013 logo ap\u00f3s a Missa de Canoniza\u00e7\u00e3o -, durante a Celebra\u00e7\u00e3o Eucar\u00edstica na nova Matriz, presidida pelo bispo auxiliar da Arquidiocese de Salvador, Dom Estevam dos Santos Silva Filho, que far\u00e1 a leitura do Decreto.<\/p>\n<p><strong>Santu\u00e1rio Santa Dulce dos Pobres \u2013<\/strong> Neste mesmo hor\u00e1rio \u2013 7h30 \u2013 do dia 13, ser\u00e1 criado o primeiro Santu\u00e1rio do mundo dedicado \u00e0 Santa Dulce dos Pobres. Na ocasi\u00e3o, o bispo auxiliar Dom Marco Eug\u00eanio Galr\u00e3o Leite de Almeida presidir\u00e1 a Missa e far\u00e1 a leitura do Decreto de Cria\u00e7\u00e3o. Localizado no Largo de Roma, na capital baiana, o templo, que era dedicado \u00e0 Imaculada Concei\u00e7\u00e3o da M\u00e3e de Deus, abriga restos mortais da futura santa.<\/p>\n<p><strong>Primeira Par\u00f3quia dedicada a S\u00e3o Jo\u00e3o Paulo II<\/strong> &#8211; Vale lembrar que tamb\u00e9m em Salvador est\u00e1 a primeira par\u00f3quia do mundo dedicada a S\u00e3o Jo\u00e3o Paulo II: Par\u00f3quia Nossa Senhora dos Alagados e S\u00e3o Jo\u00e3o Paulo II, no bairro Uruguai \u2013 em Salvador, criada na manh\u00e3 do dia 27 de abril de 2014, imediatamente ap\u00f3s a leitura da Bula do Papa Francisco que o declarava santo.<\/p>\n<p>(Foto:Marina Silva\/Arquivo Correio)<\/p>\n<p>Texto: Sara Gomes\/Arquidiocese de Salvador (BA)<\/p>\n<p>&nbsp;<\/p>\n","protected":false},"excerpt":{"rendered":"<p>No pr\u00f3ximo domingo (13), Irm\u00e3 Dulce ser\u00e1 proclamada Santa Dulce dos Pobres, em celebra\u00e7\u00e3o presidida pelo Papa Francisco, no Vaticano. Neste mesmo dia, em Salvador, ser\u00e3o criados a Par\u00f3quia Santa Dulce dos Pobres e o Santu\u00e1rio Santa Dulce dos Pobres, que ser\u00e3o os primeiros do mundo dedicados a ela. &nbsp;Par\u00f3quia Santa Dulce dos Pobres \u2013&nbsp;<\/p>\n<p><a class=\"btn btn-style\" href=\"https:\/\/portalcatolico.net\/portal\/salvador-tera-a-primeira-paroquia-e-o-primeiro-santuario-do-mundo-dedicados-a-futura-santa-dulce-dos-pobres\/\">Continue Reading<\/a><\/p>\n","protected":false},"author":2,"featured_media":66714,"comment_status":"open","ping_status":"open","sticky":false,"template":"","format":"standard","meta":{"footnotes":""},"categories":[4],"tags":[],"class_list":["post-66713","post","type-post","status-publish","format-standard","has-post-thumbnail","hentry","category-destaques"],"_links":{"self":[{"href":"https:\/\/portalcatolico.net\/portal\/wp-json\/wp\/v2\/posts\/66713","targetHints":{"allow":["GET"]}}],"collection":[{"href":"https:\/\/portalcatolico.net\/portal\/wp-json\/wp\/v2\/posts"}],"about":[{"href":"https:\/\/portalcatolico.net\/portal\/wp-json\/wp\/v2\/types\/post"}],"author":[{"embeddable":true,"href":"https:\/\/portalcatolico.net\/portal\/wp-json\/wp\/v2\/users\/2"}],"replies":[{"embeddable":true,"href":"https:\/\/portalcatolico.net\/portal\/wp-json\/wp\/v2\/comments?post=66713"}],"version-history":[{"count":2,"href":"https:\/\/portalcatolico.net\/portal\/wp-json\/wp\/v2\/posts\/66713\/revisions"}],"predecessor-version":[{"id":66716,"href":"https:\/\/portalcatolico.net\/portal\/wp-json\/wp\/v2\/posts\/66713\/revisions\/66716"}],"wp:featuredmedia":[{"embeddable":true,"href":"https:\/\/portalcatolico.net\/portal\/wp-json\/wp\/v2\/media\/66714"}],"wp:attachment":[{"href":"https:\/\/portalcatolico.net\/portal\/wp-json\/wp\/v2\/media?parent=66713"}],"wp:term":[{"taxonomy":"category","embeddable":true,"href":"https:\/\/portalcatolico.net\/portal\/wp-json\/wp\/v2\/categories?post=66713"},{"taxonomy":"post_tag","embeddable":true,"href":"https:\/\/portalcatolico.net\/portal\/wp-json\/wp\/v2\/tags?post=66713"}],"curies":[{"name":"wp","href":"https:\/\/api.w.org\/{rel}","templated":true}]}}