{"id":66691,"date":"2019-10-06T15:51:23","date_gmt":"2019-10-06T18:51:23","guid":{"rendered":"http:\/\/portalcatolico.net\/portal\/?p=66691"},"modified":"2019-10-06T15:51:23","modified_gmt":"2019-10-06T18:51:23","slug":"o-papa-abre-o-sinodo-por-e-com-os-irmaos-na-amazonia-caminhemos-juntos","status":"publish","type":"post","link":"https:\/\/portalcatolico.net\/portal\/o-papa-abre-o-sinodo-por-e-com-os-irmaos-na-amazonia-caminhemos-juntos\/","title":{"rendered":"O Papa abre o S\u00ednodo: por e com os irm\u00e3os na Amaz\u00f4nia, caminhemos juntos"},"content":{"rendered":"<div class=\"article__subTitle\">\u201cMuitos irm\u00e3os e irm\u00e3s na Amaz\u00f4nia carregam cruzes pesadas e aguardam pela consola\u00e7\u00e3o libertadora do Evangelho, pela car\u00edcia de amor da Igreja. Por eles, com eles, caminhemos juntos\u201d, disse o Papa Francisco na missa de abertura da Assembleia Especial do S\u00ednodo dos Bispos para a Regi\u00e3o Pan-Amaz\u00f4nica, celebrada na manh\u00e3 deste domingo (06\/10) na Bas\u00edlica de S\u00e3o Pedro.<\/div>\n<div>&nbsp;<\/div>\n<div class=\"title__separator\">\u201cReacender o dom no fogo do Esp\u00edrito \u00e9 o oposto de deixar as coisas correr sem se fazer nada. E ser fi\u00e9is \u00e0 novidade do Esp\u00edrito \u00e9 uma gra\u00e7a que devemos pedir na ora\u00e7\u00e3o. Ele, que faz novas todas as coisas, nos d\u00ea a sua prud\u00eancia audaciosa; inspire o nosso S\u00ednodo a renovar os caminhos para a Igreja na Amaz\u00f4nia, para que n\u00e3o se apague o fogo da miss\u00e3o.\u201d<\/div>\n<div>\n<p>Foi o que disse o Papa Francisco na missa celebrada na manh\u00e3 deste domingo (06\/10) na Bas\u00edlica de S\u00e3o Pedro, na abertura da Assembleia Especial do S\u00ednodo dos Bispos para a Regi\u00e3o Pan-Amaz\u00f4nica, evento eclesial que se realizar\u00e1 no Vaticano at\u00e9 o dia 27 deste m\u00eas, com o tema \u201cAmaz\u00f4nia: novos caminhos para a Igreja e para uma ecologia integral\u201d.<\/p>\n<p>No in\u00edcio da celebra\u00e7\u00e3o, a longa prociss\u00e3o de entrada com os 185 padres sinodais, 58 do Brasil. Na assembleia, tamb\u00e9m representantes de comunidades ind\u00edgenas. A Eucaristia foi concelebrada com os treze novos cardeais, criados no Consist\u00f3rio presidido pelo Santo Padre no s\u00e1bado \u00e0 tarde.<\/p>\n<p><strong>Fazer S\u00ednodo, caminhar juntos<\/strong><\/p>\n<p>Dirigindo-se aos padres sinodais, bispos provenientes n\u00e3o s\u00f3 da regi\u00e3o Pan-Amaz\u00f4nica, mas tamb\u00e9m de outras regi\u00f5es, Francisco, referindo-se \u00e0 segunda carta de S\u00e3o Paulo a Tim\u00f3teo proposta nesta liturgia do XXVII Domingo do Tempo Comum, ressaltou que o ap\u00f3stolo Paulo, o maior mission\u00e1rio da hist\u00f3ria da Igreja, ajuda-nos a \u2018fazer S\u00ednodo\u2019, a \u2018caminhar juntos\u2019; e que \u201cparece dirigido a n\u00f3s, Pastores ao servi\u00e7o do povo de Deus, aquilo que escreve a Tim\u00f3teo\u201d, observou.<\/p>\n<p>Recebemos um dom, para sermos dom, disse o Pont\u00edfice, acrescentando:<\/p>\n<p>\u201cUm dom n\u00e3o se compra, n\u00e3o se troca nem se vende: recebe-se e d\u00e1-se de prenda. Se nos apropriarmos dele, se nos colocarmos a n\u00f3s no centro e n\u00e3o deixarmos no centro o dom, passamos de Pastores a funcion\u00e1rios: fazemos do dom uma fun\u00e7\u00e3o, e desaparece a gratuidade; assim acabamos por nos servir a n\u00f3s mesmos, servindo-nos da Igreja.\u201d<\/p>\n<p>A nossa vida, dom recebido, \u00e9 para servir, continuou. \u201cColocamos toda a nossa alegria em servir, porque fomos servidos por Deus: fez-Se nosso servo. Queridos irm\u00e3os, sintamo-nos chamados aqui para servir, colocando no centro o dom de Deus\u201d, exortou Francisco.<\/p>\n<p><strong>Dom que recebemos \u00e9 amor ardente a Deus e aos irm\u00e3os<\/strong><\/p>\n<p>Para sermos fi\u00e9is a este chamado, \u00e0 nossa miss\u00e3o, enfatizou, \u201cS\u00e3o Paulo lembra-nos que o dom deve ser reaceso. O verbo usado \u00e9 fascinante: reacender \u00e9, literalmente, \u2018dar vida a uma fogueira\u2019\u201d, explicou o Papa. \u201cO dom que recebemos \u00e9 um fogo, \u00e9 amor ardente a Deus e aos irm\u00e3os. O fogo n\u00e3o se alimenta sozinho; morre se n\u00e3o for mantido vivo, apaga-se se a cinza o cobrir.\u201d<\/p>\n<p><strong>Passar da pastoral de manuten\u00e7\u00e3o a uma pastoral mission\u00e1ria<\/strong><\/p>\n<p>Em seguida, o Pont\u00edfice fez uma premente exorta\u00e7\u00e3o aos Pastores a servi\u00e7o do povo de Deus:<\/p>\n<p><i>\u201cA Igreja n\u00e3o pode de modo algum limitar-se a uma pastoral de \u201cmanuten\u00e7\u00e3o\u201d para aqueles que j\u00e1 conhecem o Evangelho de Cristo. O ardor mission\u00e1rio \u00e9 um sinal claro da maturidade de uma comunidade eclesial. Jesus veio trazer \u00e0 terra, n\u00e3o a brisa da tarde, mas o fogo. O fogo que reacende o dom \u00e9 o Esp\u00edrito Santo, doador dos dons.\u201d<\/i><\/p>\n<p><strong>Deus nos preserve da gan\u00e2ncia de novos colonialismos<\/strong><\/p>\n<p>O fogo de Deus, como no epis\u00f3dio da sar\u00e7a ardente, arde mas n\u00e3o consome). \u00c9 fogo de amor que ilumina, aquece e d\u00e1 vida; n\u00e3o fogo que alastra e devora. \u201cQuando sem amor nem respeito se devoram povos e culturas, n\u00e3o \u00e9 o fogo de Deus, mas do mundo. Contudo quantas vezes o dom de Deus foi, n\u00e3o oferecido, mas imposto! Quantas vezes houve coloniza\u00e7\u00e3o em vez de evangeliza\u00e7\u00e3o! Deus nos preserve da gan\u00e2ncia dos novos colonialismos.\u201d<\/p>\n<p>\u201cO fogo ateado por interesses que destroem, como o que devastou recentemente a Amaz\u00f4nia, n\u00e3o \u00e9 o do Evangelho. O fogo de Deus \u00e9 calor que atrai e congrega em unidade. Alimenta-se com a partilha, n\u00e3o com os lucros.\u201d<\/p>\n<p>Francisco exortou a reacender o dom; receber a prud\u00eancia audaciosa do Esp\u00edrito, fi\u00e9is \u00e0 sua novidade, acrescentando que o an\u00fancio do Evangelho \u00e9 o crit\u00e9rio primeiro para a vida da Igreja.<\/p>\n<p><strong>Irm\u00e3os amaz\u00f4nicos aguardam consola\u00e7\u00e3o do Evangelho<\/strong><\/p>\n<p>Convidando a olhar juntos para Jesus Crucificado, para o seu cora\u00e7\u00e3o aberto por n\u00f3s, o Santo Padre concluiu com mais uma exorta\u00e7\u00e3o: \u201cMuitos irm\u00e3os e irm\u00e3s na Amaz\u00f4nia carregam cruzes pesadas e aguardam pela consola\u00e7\u00e3o libertadora do Evangelho, pela car\u00edcia de amor da Igreja. Por eles, com eles, caminhemos juntos\u201d.<\/p>\n<\/div>\n<div class=\"article__text\">\n<p><b>Por Raimundo de Lima\/Vatican News<\/b><\/p>\n<h3><strong>&nbsp; &nbsp; &nbsp; &nbsp; &nbsp; &nbsp; &nbsp; &nbsp; &nbsp; Papa &#8211; Missa de abertura do S\u00ednodo dedicado \u00e0 Amaz\u00f4nia<\/strong><\/h3>\n<p><iframe loading=\"lazy\"  id=\"_ytid_40876\"  width=\"480\" height=\"270\"  data-origwidth=\"480\" data-origheight=\"270\" src=\"https:\/\/www.youtube.com\/embed\/XtNrA8MeMYE?enablejsapi=1&#038;autoplay=0&#038;cc_load_policy=0&#038;cc_lang_pref=&#038;iv_load_policy=1&#038;loop=0&#038;rel=1&#038;fs=1&#038;playsinline=0&#038;autohide=2&#038;theme=dark&#038;color=red&#038;controls=1&#038;disablekb=0&#038;\" class=\"__youtube_prefs__  epyt-is-override  no-lazyload\" title=\"YouTube player\"  allow=\"fullscreen; accelerometer; autoplay; clipboard-write; encrypted-media; gyroscope; picture-in-picture; web-share\" referrerpolicy=\"strict-origin-when-cross-origin\" allowfullscreen data-no-lazy=\"1\" data-skipgform_ajax_framebjll=\"\"><\/iframe><\/p>\n<p>&nbsp;<\/p>\n<\/div>\n","protected":false},"excerpt":{"rendered":"<p>\u201cMuitos irm\u00e3os e irm\u00e3s na Amaz\u00f4nia carregam cruzes pesadas e aguardam pela consola\u00e7\u00e3o libertadora do Evangelho, pela car\u00edcia de amor da Igreja. Por eles, com eles, caminhemos juntos\u201d, disse o Papa Francisco na missa de abertura da Assembleia Especial do S\u00ednodo dos Bispos para a Regi\u00e3o Pan-Amaz\u00f4nica, celebrada na manh\u00e3 deste domingo (06\/10) na Bas\u00edlica&nbsp;<\/p>\n<p><a class=\"btn btn-style\" href=\"https:\/\/portalcatolico.net\/portal\/o-papa-abre-o-sinodo-por-e-com-os-irmaos-na-amazonia-caminhemos-juntos\/\">Continue Reading<\/a><\/p>\n","protected":false},"author":2,"featured_media":66692,"comment_status":"open","ping_status":"open","sticky":false,"template":"","format":"standard","meta":{"footnotes":""},"categories":[5],"tags":[],"class_list":["post-66691","post","type-post","status-publish","format-standard","has-post-thumbnail","hentry","category-igreja_no_mundo"],"_links":{"self":[{"href":"https:\/\/portalcatolico.net\/portal\/wp-json\/wp\/v2\/posts\/66691","targetHints":{"allow":["GET"]}}],"collection":[{"href":"https:\/\/portalcatolico.net\/portal\/wp-json\/wp\/v2\/posts"}],"about":[{"href":"https:\/\/portalcatolico.net\/portal\/wp-json\/wp\/v2\/types\/post"}],"author":[{"embeddable":true,"href":"https:\/\/portalcatolico.net\/portal\/wp-json\/wp\/v2\/users\/2"}],"replies":[{"embeddable":true,"href":"https:\/\/portalcatolico.net\/portal\/wp-json\/wp\/v2\/comments?post=66691"}],"version-history":[{"count":1,"href":"https:\/\/portalcatolico.net\/portal\/wp-json\/wp\/v2\/posts\/66691\/revisions"}],"predecessor-version":[{"id":66693,"href":"https:\/\/portalcatolico.net\/portal\/wp-json\/wp\/v2\/posts\/66691\/revisions\/66693"}],"wp:featuredmedia":[{"embeddable":true,"href":"https:\/\/portalcatolico.net\/portal\/wp-json\/wp\/v2\/media\/66692"}],"wp:attachment":[{"href":"https:\/\/portalcatolico.net\/portal\/wp-json\/wp\/v2\/media?parent=66691"}],"wp:term":[{"taxonomy":"category","embeddable":true,"href":"https:\/\/portalcatolico.net\/portal\/wp-json\/wp\/v2\/categories?post=66691"},{"taxonomy":"post_tag","embeddable":true,"href":"https:\/\/portalcatolico.net\/portal\/wp-json\/wp\/v2\/tags?post=66691"}],"curies":[{"name":"wp","href":"https:\/\/api.w.org\/{rel}","templated":true}]}}