{"id":66688,"date":"2019-10-06T00:37:01","date_gmt":"2019-10-06T03:37:01","guid":{"rendered":"http:\/\/portalcatolico.net\/portal\/?p=66688"},"modified":"2019-10-05T22:38:53","modified_gmt":"2019-10-06T01:38:53","slug":"ingressos-para-missa-de-pos-canonizacao-de-irma-dulce-estao-sendo-distribuidos","status":"publish","type":"post","link":"https:\/\/portalcatolico.net\/portal\/ingressos-para-missa-de-pos-canonizacao-de-irma-dulce-estao-sendo-distribuidos\/","title":{"rendered":"Ingressos para missa de p\u00f3s- canoniza\u00e7\u00e3o de Irm\u00e3 Dulce est\u00e3o sendo distribu\u00eddos!"},"content":{"rendered":"<p>Os&nbsp; 54 mil ingressos que d\u00e3o acesso \u00e0 primeira missa de p\u00f3s- canoniza\u00e7\u00e3o de Irm\u00e3 Dulce que acontecer\u00e1 em Salvador (BA), j\u00e1 come\u00e7aram a ser distribu\u00eddos.<\/p>\n<p>A celebra\u00e7\u00e3o eucaristia acontecer\u00e1 na Arena Fonte Nova, dia&nbsp; 20 de outubro, com a participa\u00e7\u00e3o de fieis de v\u00e1rias regi\u00f5es do pa\u00eds e do exterior, com presid\u00eancia do Arcebispo da Arquidiocese de Salvador e primaz do Brasil, Dom Murilo Sebasti\u00e3o Ramos Krieger, SCJ e concelebra\u00e7\u00e3o por outros religiosos.<\/p>\n<p>A canoniza\u00e7\u00e3o ocorrer\u00e1 no Vaticano, em Roma, na&nbsp;It\u00e1lia em 13 de outubro.&nbsp;&nbsp;&nbsp;A entrada para a celebra\u00e7\u00e3o \u00e9 gratuita.<\/p>\n<p>As 100 par\u00f3quias que&nbsp;comp\u00f5em a Arquidiocese de Salvador&nbsp;(BA)&nbsp; ir\u00e3o distribuir 200 ingressos&nbsp;&nbsp;por paroquia e 50 mil ingressos ser\u00e3o distribu\u00eddos em todo o Brasil, pela Organiza\u00e7\u00e3o da Canoniza\u00e7\u00e3o (OSID) Obras Sociais de Irma Dulce.<\/p>\n<p>Os&nbsp;interessados devem enviar e-mail solicitando o ingresso: <a href=\"http:\/\/canoniza\u00e7\u00e3o@irmadulce.org.br\">canoniza\u00e7\u00e3o@irmadulce.org.br<\/a><br \/>\nPara mais informa\u00e7\u00f5es, acesse este link:&nbsp;<a href=\"https:\/\/www.irmadulce.org.br\/portugues\/noticia\/religioso\/2019\/outubro\/celebracoes-no-vaticano-e-em-salvador-marcam-mes-da-canonizacao-de-irma-dulce\" target=\"_blank\" rel=\"noopener noreferrer\">https:\/\/www.irmadulce.org.br\/portugues\/noticia\/religioso\/2019\/outubro\/celebracoes-no-vaticano-e-em-salvador-marcam-mes-da-canonizacao-de-irma-dulce<\/a><\/p>\n","protected":false},"excerpt":{"rendered":"<p>Os&nbsp; 54 mil ingressos que d\u00e3o acesso \u00e0 primeira missa de p\u00f3s- canoniza\u00e7\u00e3o de Irm\u00e3 Dulce que acontecer\u00e1 em Salvador (BA), j\u00e1 come\u00e7aram a ser distribu\u00eddos. A celebra\u00e7\u00e3o eucaristia acontecer\u00e1 na Arena Fonte Nova, dia&nbsp; 20 de outubro, com a participa\u00e7\u00e3o de fieis de v\u00e1rias regi\u00f5es do pa\u00eds e do exterior, com presid\u00eancia do Arcebispo&nbsp;<\/p>\n<p><a class=\"btn btn-style\" href=\"https:\/\/portalcatolico.net\/portal\/ingressos-para-missa-de-pos-canonizacao-de-irma-dulce-estao-sendo-distribuidos\/\">Continue Reading<\/a><\/p>\n","protected":false},"author":2,"featured_media":32910,"comment_status":"open","ping_status":"open","sticky":false,"template":"","format":"standard","meta":{"footnotes":""},"categories":[4],"tags":[],"class_list":["post-66688","post","type-post","status-publish","format-standard","has-post-thumbnail","hentry","category-destaques"],"_links":{"self":[{"href":"https:\/\/portalcatolico.net\/portal\/wp-json\/wp\/v2\/posts\/66688","targetHints":{"allow":["GET"]}}],"collection":[{"href":"https:\/\/portalcatolico.net\/portal\/wp-json\/wp\/v2\/posts"}],"about":[{"href":"https:\/\/portalcatolico.net\/portal\/wp-json\/wp\/v2\/types\/post"}],"author":[{"embeddable":true,"href":"https:\/\/portalcatolico.net\/portal\/wp-json\/wp\/v2\/users\/2"}],"replies":[{"embeddable":true,"href":"https:\/\/portalcatolico.net\/portal\/wp-json\/wp\/v2\/comments?post=66688"}],"version-history":[{"count":1,"href":"https:\/\/portalcatolico.net\/portal\/wp-json\/wp\/v2\/posts\/66688\/revisions"}],"predecessor-version":[{"id":66689,"href":"https:\/\/portalcatolico.net\/portal\/wp-json\/wp\/v2\/posts\/66688\/revisions\/66689"}],"wp:featuredmedia":[{"embeddable":true,"href":"https:\/\/portalcatolico.net\/portal\/wp-json\/wp\/v2\/media\/32910"}],"wp:attachment":[{"href":"https:\/\/portalcatolico.net\/portal\/wp-json\/wp\/v2\/media?parent=66688"}],"wp:term":[{"taxonomy":"category","embeddable":true,"href":"https:\/\/portalcatolico.net\/portal\/wp-json\/wp\/v2\/categories?post=66688"},{"taxonomy":"post_tag","embeddable":true,"href":"https:\/\/portalcatolico.net\/portal\/wp-json\/wp\/v2\/tags?post=66688"}],"curies":[{"name":"wp","href":"https:\/\/api.w.org\/{rel}","templated":true}]}}