{"id":66660,"date":"2019-10-03T20:49:32","date_gmt":"2019-10-03T23:49:32","guid":{"rendered":"http:\/\/portalcatolico.net\/portal\/?p=66660"},"modified":"2019-10-03T20:49:32","modified_gmt":"2019-10-03T23:49:32","slug":"basilica-santuario-senhor-bom-jesus-do-bonfim-celebra-a-festa-de-sao-goncalo-do-amarante","status":"publish","type":"post","link":"https:\/\/portalcatolico.net\/portal\/basilica-santuario-senhor-bom-jesus-do-bonfim-celebra-a-festa-de-sao-goncalo-do-amarante\/","title":{"rendered":"Bas\u00edlica Santu\u00e1rio Senhor Bom Jesus do Bonfim celebra a festa de S\u00e3o Gon\u00e7alo do Amarante"},"content":{"rendered":"<p><em>As celebra\u00e7\u00f5es acontecem de 3 a 6 de outubro e abrem os tradicionais festejos da Colina Sagrada<\/em><\/p>\n<p>Entre os dias 3 e 6 de outubro os devotos de S\u00e3o Gon\u00e7alo do Amarante participam das celebra\u00e7\u00f5es em honra ao santo portugu\u00eas, na Bas\u00edlica Santu\u00e1rio do Bonfim. Essa festa \u00e9 a primeira do ciclo de festas da Colina Sagrada, que ter\u00e1 o ponto alto com a celebra\u00e7\u00e3o da festa do Senhor do Bonfim em janeiro de 2020.<\/p>\n<p>O festejo de S\u00e3o Gon\u00e7alo ter\u00e1 in\u00edcio no dia 3 de outubro, com um tr\u00edduo preparat\u00f3rio sempre \u00e0s 17h. O tema escolhido para a reflex\u00e3o durante as celebra\u00e7\u00f5es do tr\u00edduo \u00e9 <em>&#8220;Preparando a celebra\u00e7\u00e3o do Jubileu dos 275 anos da chegada da imagem do Senhor do Bonfim, somos chamados a fazer a experi\u00eancia da contempla\u00e7\u00e3o, da gratid\u00e3o e do compromisso&#8221;<\/em> e o lema &#8220;<em>De cora\u00e7\u00e3o darei gra\u00e7as ao Senhor&#8221; (Sl 111\/110,1). <\/em><\/p>\n<p>Ap\u00f3s o tr\u00edduo preparat\u00f3rio, a celebra\u00e7\u00e3o festiva ser\u00e1 no dia 6 de outubro, com uma Missa Solene, \u00e0s 9h, presidida pelo bispo auxiliar da Arquidiocese de Salvador, Dom H\u00e9lio Pereira dos Santos.&nbsp;<\/p>\n<p><strong>&nbsp;<\/strong><strong>Confira a programa\u00e7\u00e3o completa:<\/strong><\/p>\n<p><strong>1\u00ba DIA \u2013 03\/10\/2019 \u2013 Quinta-feira<\/strong><\/p>\n<p><strong>17h \u2013 1\u00ba SUBTEMA:<\/strong>&nbsp;Preparando a celebra\u00e7\u00e3o do Jubileu dos 275 anos da chegada da imagem do Senhor do Bonfim, somos chamados a fazer a experi\u00eancia da contempla\u00e7\u00e3o.<\/p>\n<p><strong>Prega\u00e7\u00e3o:&nbsp;<\/strong>Di\u00e1cono Manoel Pedro Matias da Silva<\/p>\n<p><strong>2\u00ba DIA \u2013 04\/10\/2019 \u2013 Sexta-feira<\/strong><\/p>\n<p><strong>17h \u2013 2\u00ba SUBTEMA:&nbsp;<\/strong>Preparando a celebra\u00e7\u00e3o do Jubileu dos 275 anos da chegada da imagem do Senhor do Bonfim, somos chamados a fazer a experi\u00eancia da gratid\u00e3o.<\/p>\n<p><strong>Prega\u00e7\u00e3o:&nbsp;<\/strong>Di\u00e1cono Carlos Augusto Pereira Barbosa<\/p>\n<p><strong>3\u00ba DIA \u2013 05\/10\/2019 &#8211; S\u00e1bado<\/strong><\/p>\n<p><strong>17h \u2013 3\u00ba SUBTEMA:<\/strong>&nbsp;Preparando a celebra\u00e7\u00e3o do Jubileu dos 275 anos da chegada da imagem do Senhor do Bonfim, somos chamados a fazer a experi\u00eancia do compromisso.<\/p>\n<p><strong>Prega\u00e7\u00e3o:<\/strong>&nbsp;Pe. Edson Menezes da Silva<\/p>\n<p><strong>&nbsp;<\/strong><strong>DIA DA FESTA \u2013 06\/10\/2019 \u2013 DOMINGO<\/strong><\/p>\n<p><strong>&nbsp;<\/strong><strong>Missas: 6h, 7h30, 11h, 15h e 17h.<\/strong><\/p>\n<p><strong>9h<\/strong>&nbsp;\u2013 Missa Solene presidida por Dom H\u00e9lio Pereira dos Santos, Bispo Auxiliar da nossa Arquidiocese.<\/p>\n<p><strong>&nbsp;<\/strong>Texto: Sara Gomes\/Arquidiocese de Salvador (BA)<\/p>\n","protected":false},"excerpt":{"rendered":"<p>As celebra\u00e7\u00f5es acontecem de 3 a 6 de outubro e abrem os tradicionais festejos da Colina Sagrada Entre os dias 3 e 6 de outubro os devotos de S\u00e3o Gon\u00e7alo do Amarante participam das celebra\u00e7\u00f5es em honra ao santo portugu\u00eas, na Bas\u00edlica Santu\u00e1rio do Bonfim. Essa festa \u00e9 a primeira do ciclo de festas da&nbsp;<\/p>\n<p><a class=\"btn btn-style\" href=\"https:\/\/portalcatolico.net\/portal\/basilica-santuario-senhor-bom-jesus-do-bonfim-celebra-a-festa-de-sao-goncalo-do-amarante\/\">Continue Reading<\/a><\/p>\n","protected":false},"author":2,"featured_media":66661,"comment_status":"open","ping_status":"open","sticky":false,"template":"","format":"standard","meta":{"footnotes":""},"categories":[4],"tags":[],"class_list":["post-66660","post","type-post","status-publish","format-standard","has-post-thumbnail","hentry","category-destaques"],"_links":{"self":[{"href":"https:\/\/portalcatolico.net\/portal\/wp-json\/wp\/v2\/posts\/66660","targetHints":{"allow":["GET"]}}],"collection":[{"href":"https:\/\/portalcatolico.net\/portal\/wp-json\/wp\/v2\/posts"}],"about":[{"href":"https:\/\/portalcatolico.net\/portal\/wp-json\/wp\/v2\/types\/post"}],"author":[{"embeddable":true,"href":"https:\/\/portalcatolico.net\/portal\/wp-json\/wp\/v2\/users\/2"}],"replies":[{"embeddable":true,"href":"https:\/\/portalcatolico.net\/portal\/wp-json\/wp\/v2\/comments?post=66660"}],"version-history":[{"count":1,"href":"https:\/\/portalcatolico.net\/portal\/wp-json\/wp\/v2\/posts\/66660\/revisions"}],"predecessor-version":[{"id":66662,"href":"https:\/\/portalcatolico.net\/portal\/wp-json\/wp\/v2\/posts\/66660\/revisions\/66662"}],"wp:featuredmedia":[{"embeddable":true,"href":"https:\/\/portalcatolico.net\/portal\/wp-json\/wp\/v2\/media\/66661"}],"wp:attachment":[{"href":"https:\/\/portalcatolico.net\/portal\/wp-json\/wp\/v2\/media?parent=66660"}],"wp:term":[{"taxonomy":"category","embeddable":true,"href":"https:\/\/portalcatolico.net\/portal\/wp-json\/wp\/v2\/categories?post=66660"},{"taxonomy":"post_tag","embeddable":true,"href":"https:\/\/portalcatolico.net\/portal\/wp-json\/wp\/v2\/tags?post=66660"}],"curies":[{"name":"wp","href":"https:\/\/api.w.org\/{rel}","templated":true}]}}