{"id":66613,"date":"2019-09-30T12:42:07","date_gmt":"2019-09-30T15:42:07","guid":{"rendered":"http:\/\/portalcatolico.net\/portal\/?p=66613"},"modified":"2019-09-30T12:42:07","modified_gmt":"2019-09-30T15:42:07","slug":"fieis-de-itacare-celebram-sao-miguel-arcanjo-em-igreja-que-esta-em-reforma","status":"publish","type":"post","link":"https:\/\/portalcatolico.net\/portal\/fieis-de-itacare-celebram-sao-miguel-arcanjo-em-igreja-que-esta-em-reforma\/","title":{"rendered":"Fieis de Itacar\u00e9 celebram S\u00e3o Miguel Arcanjo em igreja que est\u00e1 em reforma"},"content":{"rendered":"<p>Depois de 8 meses fechada para reforma, a Par\u00f3quia de S\u00e3o Miguel Arcanjo abriu as portas, neste domingo (30). Esse momento foi um presente para a comunidade que espera ansiosa pela restaura\u00e7\u00e3o da igreja de quase 300 anos.<\/p>\n<p>A celebra\u00e7\u00e3o solene em homenagem ao padroeiro foi presidida por Dom Mauro Montagnoli, bispo da Diocese de Ilh\u00e9us.<\/p>\n<p>Os fieis louvaram e se encantaram com as crian\u00e7as vestidas de anjos, fazendo uma linda homenagem.<\/p>\n<p>Mas, vale ressaltar que a segunda etapa da obra de restaura\u00e7\u00e3o n\u00e3o foi completamente conclu\u00edda. Ainda existem no local, algumas imagens de santos que podem ser adquiridas pelos fieis. O valor vai contribuir para a restaura\u00e7\u00e3o das imagens. \u00c9 mais uma forma da comunidade ajudar na restaura\u00e7\u00e3o da Igreja de S\u00e3o Miguel Arcanjo.<\/p>\n<p>Ainda faltam a restaura\u00e7\u00e3o do batist\u00e9rio e dos tr\u00eas sinos, pois apenas um est\u00e1 funcionando.<\/p>\n<p>A primeira etapa da restaura\u00e7\u00e3o come\u00e7ou em 2016, levou um ano e custou 333 mil reais. Foi feita a restaura\u00e7\u00e3o art\u00edstica dos altares e das imagens, e o resgate do piso original. Agora o altar mor est\u00e1 coberto para a continua\u00e7\u00e3o das obras.&nbsp;A obra est\u00e1 sendo feita gra\u00e7as \u00e0s parcerias e doa\u00e7\u00f5es. Ajude voc\u00ea tamb\u00e9m, participe da&nbsp;&nbsp;campanha &#8220;A f\u00e9 restaurada&#8221;. Para conhecer melhor o projeto, basta acessar o site:&nbsp;<a href=\"http:\/\/www.paroquiasaomiguelitacare.com.br\/\" target=\"_blank\" rel=\"noopener noreferrer\">www.paroquiasaomiguelitacare.com.br<\/a>&nbsp;.Nele, apresenta&nbsp;o resumo do Projeto, j\u00e1 com imagens da obra em andamento e informa\u00e7\u00f5es de como contribuir com o desenvolvimento da reforma.<\/p>\n<p>Foto:Reprodu\u00e7\u00e3o\/Facebook<\/p>\n<p>Texto:Portal Cat\u00f3lico.Net<\/p>\n","protected":false},"excerpt":{"rendered":"<p>Depois de 8 meses fechada para reforma, a Par\u00f3quia de S\u00e3o Miguel Arcanjo abriu as portas, neste domingo (30). Esse momento foi um presente para a comunidade que espera ansiosa pela restaura\u00e7\u00e3o da igreja de quase 300 anos. A celebra\u00e7\u00e3o solene em homenagem ao padroeiro foi presidida por Dom Mauro Montagnoli, bispo da Diocese de&nbsp;<\/p>\n<p><a class=\"btn btn-style\" href=\"https:\/\/portalcatolico.net\/portal\/fieis-de-itacare-celebram-sao-miguel-arcanjo-em-igreja-que-esta-em-reforma\/\">Continue Reading<\/a><\/p>\n","protected":false},"author":2,"featured_media":66614,"comment_status":"open","ping_status":"open","sticky":false,"template":"","format":"standard","meta":{"footnotes":""},"categories":[4],"tags":[],"class_list":["post-66613","post","type-post","status-publish","format-standard","has-post-thumbnail","hentry","category-destaques"],"_links":{"self":[{"href":"https:\/\/portalcatolico.net\/portal\/wp-json\/wp\/v2\/posts\/66613","targetHints":{"allow":["GET"]}}],"collection":[{"href":"https:\/\/portalcatolico.net\/portal\/wp-json\/wp\/v2\/posts"}],"about":[{"href":"https:\/\/portalcatolico.net\/portal\/wp-json\/wp\/v2\/types\/post"}],"author":[{"embeddable":true,"href":"https:\/\/portalcatolico.net\/portal\/wp-json\/wp\/v2\/users\/2"}],"replies":[{"embeddable":true,"href":"https:\/\/portalcatolico.net\/portal\/wp-json\/wp\/v2\/comments?post=66613"}],"version-history":[{"count":1,"href":"https:\/\/portalcatolico.net\/portal\/wp-json\/wp\/v2\/posts\/66613\/revisions"}],"predecessor-version":[{"id":66615,"href":"https:\/\/portalcatolico.net\/portal\/wp-json\/wp\/v2\/posts\/66613\/revisions\/66615"}],"wp:featuredmedia":[{"embeddable":true,"href":"https:\/\/portalcatolico.net\/portal\/wp-json\/wp\/v2\/media\/66614"}],"wp:attachment":[{"href":"https:\/\/portalcatolico.net\/portal\/wp-json\/wp\/v2\/media?parent=66613"}],"wp:term":[{"taxonomy":"category","embeddable":true,"href":"https:\/\/portalcatolico.net\/portal\/wp-json\/wp\/v2\/categories?post=66613"},{"taxonomy":"post_tag","embeddable":true,"href":"https:\/\/portalcatolico.net\/portal\/wp-json\/wp\/v2\/tags?post=66613"}],"curies":[{"name":"wp","href":"https:\/\/api.w.org\/{rel}","templated":true}]}}